{"id":27972,"date":"2022-06-01T11:03:12","date_gmt":"2022-06-01T16:03:12","guid":{"rendered":"https:\/\/encuentroinformativo.com.mx\/?p=27972"},"modified":"2022-06-01T11:03:15","modified_gmt":"2022-06-01T16:03:15","slug":"ahora-va-el-futbol-escuelas-gratuitas-en-veracruz-puerto","status":"publish","type":"post","link":"https:\/\/encuentroinformativo.com.mx\/?p=27972","title":{"rendered":"Ahora va el f\u00fatbol, escuelas gratuitas en Veracruz puerto"},"content":{"rendered":"\n<p><strong>Alejandro \u00c1vila<\/strong><\/p>\n\n\n\n<p>Veracruz, Ver.- A trav\u00e9s de sus redes sociales el Ayuntamiento de Veracruz invit\u00f3  a que inscriban a los ni\u00f1os de entre 4 y 9 a\u00f1os a la Escuela Municipal de F\u00fatbol, qu\u00e9 tendr\u00e1 como sede 5 Unidades Deportivas.<\/p>\n\n\n\n<p>Los interesados deber\u00e1n acudir a las Unidades Deportivas &#8220;Superaci\u00f3n Ciudadana&#8221;, &#8220;El Arenal&#8221;, &#8220;Rafael D\u00edaz Serd\u00e1n&#8221;, &#8220;Carlos &#8216;Monito&#8217; Carus&#8221; y &#8220;\u00c1gora las Amapolas&#8221;, para mayores informes.<\/p>\n\n\n\n<p>Est\u00e1 iniciativa propuesta por la alcaldesa, Patricia Lobeira Rodr\u00edguez, ya tuvo gran \u00e9xito con la Escuela Municipal de Nataci\u00f3n, y se espera en pr\u00f3ximas fechas se anuncien otras disciplinas deportivas.<\/p>\n\n\n\n<p>&#8220;La idea es que estos ni\u00f1os el d\u00eda de ma\u00f1ana participen tambi\u00e9n en una de las diferentes ligas que tiene la zona conurbada, representando por supuesto al municipio de Veracruz (\u2026) ahorita lo que estamos haciendo es, capacitado a todos los maestros educaci\u00f3n f\u00edsica que tenemos, para que puedan dar esas clases y que sean de calidad, y esperamos en los pr\u00f3ximos d\u00edas las inscripciones de los ni\u00f1os en las diferentes unidades&#8221;, mencion\u00f3 el director de Fomento Deportivo Jos\u00e9 Antonio Salvatori Arjona.<\/p>\n\n\n\n<p>El funcionario municipal mencion\u00f3 que, la intenci\u00f3n de la presidenta municipal, Patricia Lobeira Rodr\u00edguez, es incrementar las actividades extracurriculares de los ni\u00f1os y j\u00f3venes de la ciudad, siendo el deporte una parte importante en la formaci\u00f3n de cada persona, pues crea disciplina, valores y trabajo en equipo.<\/p>\n","protected":false},"excerpt":{"rendered":"<p>Alejandro \u00c1vila Veracruz, Ver.- A trav\u00e9s de sus redes sociales el Ayuntamiento de Veracruz invit\u00f3 a que inscriban a los ni\u00f1os de entre 4 y 9 a\u00f1os a la Escuela Municipal de F\u00fatbol, qu\u00e9 tendr\u00e1 como sede 5 Unidades Deportivas. Los interesados deber\u00e1n acudir a las Unidades Deportivas &#8220;Superaci\u00f3n Ciudadana&#8221;, &#8220;El Arenal&#8221;, &#8220;Rafael D\u00edaz Serd\u00e1n&#8221;, [&hellip;]<\/p>\n","protected":false},"author":1,"featured_media":27973,"comment_status":"open","ping_status":"open","sticky":false,"template":"","format":"standard","meta":{"_jetpack_memberships_contains_paid_content":false,"footnotes":""},"categories":[2],"tags":[],"class_list":["post-27972","post","type-post","status-publish","format-standard","has-post-thumbnail","hentry","category-estado"],"jetpack_featured_media_url":"https:\/\/encuentroinformativo.com.mx\/wp-content\/uploads\/2022\/06\/72ADA080-FED1-4482-AB59-CFB812177A44.jpeg","jetpack_sharing_enabled":true,"jetpack_likes_enabled":true,"amp_enabled":true,"_links":{"self":[{"href":"https:\/\/encuentroinformativo.com.mx\/index.php?rest_route=\/wp\/v2\/posts\/27972","targetHints":{"allow":["GET"]}}],"collection":[{"href":"https:\/\/encuentroinformativo.com.mx\/index.php?rest_route=\/wp\/v2\/posts"}],"about":[{"href":"https:\/\/encuentroinformativo.com.mx\/index.php?rest_route=\/wp\/v2\/types\/post"}],"author":[{"embeddable":true,"href":"https:\/\/encuentroinformativo.com.mx\/index.php?rest_route=\/wp\/v2\/users\/1"}],"replies":[{"embeddable":true,"href":"https:\/\/encuentroinformativo.com.mx\/index.php?rest_route=%2Fwp%2Fv2%2Fcomments&post=27972"}],"version-history":[{"count":1,"href":"https:\/\/encuentroinformativo.com.mx\/index.php?rest_route=\/wp\/v2\/posts\/27972\/revisions"}],"predecessor-version":[{"id":27974,"href":"https:\/\/encuentroinformativo.com.mx\/index.php?rest_route=\/wp\/v2\/posts\/27972\/revisions\/27974"}],"wp:featuredmedia":[{"embeddable":true,"href":"https:\/\/encuentroinformativo.com.mx\/index.php?rest_route=\/wp\/v2\/media\/27973"}],"wp:attachment":[{"href":"https:\/\/encuentroinformativo.com.mx\/index.php?rest_route=%2Fwp%2Fv2%2Fmedia&parent=27972"}],"wp:term":[{"taxonomy":"category","embeddable":true,"href":"https:\/\/encuentroinformativo.com.mx\/index.php?rest_route=%2Fwp%2Fv2%2Fcategories&post=27972"},{"taxonomy":"post_tag","embeddable":true,"href":"https:\/\/encuentroinformativo.com.mx\/index.php?rest_route=%2Fwp%2Fv2%2Ftags&post=27972"}],"curies":[{"name":"wp","href":"https:\/\/api.w.org\/{rel}","templated":true}]}}