{"id":27978,"date":"2022-06-01T12:09:01","date_gmt":"2022-06-01T17:09:01","guid":{"rendered":"https:\/\/encuentroinformativo.com.mx\/?p=27978"},"modified":"2022-06-01T12:09:04","modified_gmt":"2022-06-01T17:09:04","slug":"adeuda-gobierno-20-mdp-al-crit-de-poza-rica","status":"publish","type":"post","link":"https:\/\/encuentroinformativo.com.mx\/?p=27978","title":{"rendered":"Adeuda Gobierno 20 mdp al CRIT de Poza Rica"},"content":{"rendered":"\n<p><strong>Alejandro \u00c1vila<\/strong><\/p>\n\n\n\n<p>Poza Rica, Ver.- A punto del colapso se encuentra el Centro de Rehabilitaci\u00f3n Infantil Telet\u00f3n (CRIT) en Poza Rica, pues al recurso para su mantenimiento no ha sido depositado por el Gobierno de Veracruz.<\/p>\n\n\n\n<p>El director general, \u00c1ngel Ren\u00e9 Zavaleta Mora apunt\u00f3 que, tan solo del 2022 se le deben 20 millones de pesos; aclar\u00f3 que, este monto proviene de un convenio de colaboraci\u00f3n que se firm\u00f3 desde administraciones estatales pasadas.<\/p>\n\n\n\n<p>Al momento, dijo, subsisten con el apoyo de la iniciativa privada, y los pacientes no han visto afectada su rehabilitaci\u00f3n, debido al apoyo federal a trav\u00e9s del INSABI.<\/p>\n\n\n\n<p>El CRIT Poza Rica cuenta a la fecha con 830 pacientes, de los cuales m\u00e1s de 700 ya han sido afiliados a la Secretar\u00eda de Bienestar inform\u00f3, \u00c1ngel Ren\u00e9 Zavaleta Mora.<\/p>\n\n\n\n<p>&#8220;Por parte del Gobierno Federal ya los hemos recibido, lo estamos recibiendo cada mes, porque es a trav\u00e9s del convenio de la Secretar\u00eda de Bienestar, a nivel Federal se tiene esta afiliaci\u00f3n, no nos ha fallado, estamos trabajando bien con ellos, estamos afiliando pacientes (\u2026) lo que s\u00ed, es que el Gobierno del Estado todav\u00eda no nos entrega los recursos de este a\u00f1o, estamos haciendo las gestiones con el DIF Estatal, esperamos que nos den una respuesta en breve, pero en este momento todav\u00eda no se entregan (\u2026) estamos esperando 20 millones de pesos&#8221;, subray\u00f3.<\/p>\n\n\n\n<p>El director general del CRIT Poza Rica dijo que, la directora del DIF Estatal, Rebeca Quintanar le asegur\u00f3 que, el monto les ser\u00e1 entregado, solo est\u00e1n a la espera de que SEFIPLAN libre el recurso.<\/p>\n","protected":false},"excerpt":{"rendered":"<p>Alejandro \u00c1vila Poza Rica, Ver.- A punto del colapso se encuentra el Centro de Rehabilitaci\u00f3n Infantil Telet\u00f3n (CRIT) en Poza Rica, pues al recurso para su mantenimiento no ha sido depositado por el Gobierno de Veracruz. El director general, \u00c1ngel Ren\u00e9 Zavaleta Mora apunt\u00f3 que, tan solo del 2022 se le deben 20 millones de [&hellip;]<\/p>\n","protected":false},"author":1,"featured_media":27979,"comment_status":"open","ping_status":"open","sticky":false,"template":"","format":"standard","meta":{"_jetpack_memberships_contains_paid_content":false,"footnotes":""},"categories":[2],"tags":[],"class_list":["post-27978","post","type-post","status-publish","format-standard","has-post-thumbnail","hentry","category-estado"],"jetpack_featured_media_url":"https:\/\/encuentroinformativo.com.mx\/wp-content\/uploads\/2022\/06\/B841BC8E-CCDD-4803-A881-56B979E6109F.jpeg","jetpack_sharing_enabled":true,"jetpack_likes_enabled":true,"amp_enabled":true,"_links":{"self":[{"href":"https:\/\/encuentroinformativo.com.mx\/index.php?rest_route=\/wp\/v2\/posts\/27978","targetHints":{"allow":["GET"]}}],"collection":[{"href":"https:\/\/encuentroinformativo.com.mx\/index.php?rest_route=\/wp\/v2\/posts"}],"about":[{"href":"https:\/\/encuentroinformativo.com.mx\/index.php?rest_route=\/wp\/v2\/types\/post"}],"author":[{"embeddable":true,"href":"https:\/\/encuentroinformativo.com.mx\/index.php?rest_route=\/wp\/v2\/users\/1"}],"replies":[{"embeddable":true,"href":"https:\/\/encuentroinformativo.com.mx\/index.php?rest_route=%2Fwp%2Fv2%2Fcomments&post=27978"}],"version-history":[{"count":1,"href":"https:\/\/encuentroinformativo.com.mx\/index.php?rest_route=\/wp\/v2\/posts\/27978\/revisions"}],"predecessor-version":[{"id":27980,"href":"https:\/\/encuentroinformativo.com.mx\/index.php?rest_route=\/wp\/v2\/posts\/27978\/revisions\/27980"}],"wp:featuredmedia":[{"embeddable":true,"href":"https:\/\/encuentroinformativo.com.mx\/index.php?rest_route=\/wp\/v2\/media\/27979"}],"wp:attachment":[{"href":"https:\/\/encuentroinformativo.com.mx\/index.php?rest_route=%2Fwp%2Fv2%2Fmedia&parent=27978"}],"wp:term":[{"taxonomy":"category","embeddable":true,"href":"https:\/\/encuentroinformativo.com.mx\/index.php?rest_route=%2Fwp%2Fv2%2Fcategories&post=27978"},{"taxonomy":"post_tag","embeddable":true,"href":"https:\/\/encuentroinformativo.com.mx\/index.php?rest_route=%2Fwp%2Fv2%2Ftags&post=27978"}],"curies":[{"name":"wp","href":"https:\/\/api.w.org\/{rel}","templated":true}]}}