{"id":27985,"date":"2022-06-01T13:41:09","date_gmt":"2022-06-01T18:41:09","guid":{"rendered":"https:\/\/encuentroinformativo.com.mx\/?p=27985"},"modified":"2022-06-01T13:41:13","modified_gmt":"2022-06-01T18:41:13","slug":"anuncian-marcha-a-favor-del-museo-de-la-fauna","status":"publish","type":"post","link":"https:\/\/encuentroinformativo.com.mx\/?p=27985","title":{"rendered":"Anuncian marcha a favor del Museo de la Fauna"},"content":{"rendered":"\n<p><strong>Juan Arcos <\/strong><\/p>\n\n\n\n<p>Xalapa, Ver.- El pr\u00f3ximo lunes 6 de junio, organizaciones ambientalistas y los trabajadores del Museo Comunitario de la Fauna, que se encuentra en el Parque Ecol\u00f3gico Macuilt\u00e9petl, marchar\u00e1n en la capital del estado para exigir que el sitio tur\u00edstico no sea clausurado por el ayuntamiento.<\/p>\n\n\n\n<p>As\u00ed lo dio a conocer el director de dicho Patronato, Sergio Humberto Aguilar Rodr\u00edguez, quien insisti\u00f3 en que las autoridades municipales no han informado el motivo de dicha determinaci\u00f3n.<\/p>\n\n\n\n<p>El entrevistado indic\u00f3 que tras el cierre del Museo Comunitario de la Fauna y Centro de Informaci\u00f3n quedar\u00edan desempleadas siete personas.<\/p>\n\n\n\n<p>\u201cSon espacios que est\u00e1n siendo agredidos y queremos que se recuperen, c\u00f3mo puede ser que en otras ciudades, como Orizaba, s\u00ed encuentran ese consenso con la ciudadan\u00eda\u201d.<\/p>\n\n\n\n<p>En tres ocasiones han buscado acercamiento con el alcalde Ricardo Ahued Bardahuil para conocer cu\u00e1l es su intenci\u00f3n por clausurar dicho museo; sin embargo, no han sido recibidos.<\/p>\n\n\n\n<p>\u201cNo sabemos nada, la orden es s\u00e1lganse y ll\u00e9vense todo, eso quiere decir desmantelen el museo de la fauna porque lo vamos porque lo vamos a cerrar\u201d.<\/p>\n\n\n\n<p>El pasado domingo 29 de mayo, lanzaron una petici\u00f3n en la plataforma digital Change.org, donde se pide al Presidente Municipal que se desista de clausurar el Museo Comunitario de la Fauna de Veracruz.<\/p>\n\n\n\n<p>Con lo anterior, se han conseguido hasta el momento cerca de 4 mil 500 firmas al respecto.\u00a0<\/p>\n","protected":false},"excerpt":{"rendered":"<p>Juan Arcos Xalapa, Ver.- El pr\u00f3ximo lunes 6 de junio, organizaciones ambientalistas y los trabajadores del Museo Comunitario de la Fauna, que se encuentra en el Parque Ecol\u00f3gico Macuilt\u00e9petl, marchar\u00e1n en la capital del estado para exigir que el sitio tur\u00edstico no sea clausurado por el ayuntamiento. As\u00ed lo dio a conocer el director de [&hellip;]<\/p>\n","protected":false},"author":1,"featured_media":27986,"comment_status":"open","ping_status":"open","sticky":false,"template":"","format":"standard","meta":{"_jetpack_memberships_contains_paid_content":false,"footnotes":""},"categories":[3],"tags":[],"class_list":["post-27985","post","type-post","status-publish","format-standard","has-post-thumbnail","hentry","category-xalapa"],"jetpack_featured_media_url":"https:\/\/encuentroinformativo.com.mx\/wp-content\/uploads\/2022\/06\/1904C999-22E9-4372-8A7A-1EE90F189C56.jpeg","jetpack_sharing_enabled":true,"jetpack_likes_enabled":true,"amp_enabled":true,"_links":{"self":[{"href":"https:\/\/encuentroinformativo.com.mx\/index.php?rest_route=\/wp\/v2\/posts\/27985","targetHints":{"allow":["GET"]}}],"collection":[{"href":"https:\/\/encuentroinformativo.com.mx\/index.php?rest_route=\/wp\/v2\/posts"}],"about":[{"href":"https:\/\/encuentroinformativo.com.mx\/index.php?rest_route=\/wp\/v2\/types\/post"}],"author":[{"embeddable":true,"href":"https:\/\/encuentroinformativo.com.mx\/index.php?rest_route=\/wp\/v2\/users\/1"}],"replies":[{"embeddable":true,"href":"https:\/\/encuentroinformativo.com.mx\/index.php?rest_route=%2Fwp%2Fv2%2Fcomments&post=27985"}],"version-history":[{"count":1,"href":"https:\/\/encuentroinformativo.com.mx\/index.php?rest_route=\/wp\/v2\/posts\/27985\/revisions"}],"predecessor-version":[{"id":27987,"href":"https:\/\/encuentroinformativo.com.mx\/index.php?rest_route=\/wp\/v2\/posts\/27985\/revisions\/27987"}],"wp:featuredmedia":[{"embeddable":true,"href":"https:\/\/encuentroinformativo.com.mx\/index.php?rest_route=\/wp\/v2\/media\/27986"}],"wp:attachment":[{"href":"https:\/\/encuentroinformativo.com.mx\/index.php?rest_route=%2Fwp%2Fv2%2Fmedia&parent=27985"}],"wp:term":[{"taxonomy":"category","embeddable":true,"href":"https:\/\/encuentroinformativo.com.mx\/index.php?rest_route=%2Fwp%2Fv2%2Fcategories&post=27985"},{"taxonomy":"post_tag","embeddable":true,"href":"https:\/\/encuentroinformativo.com.mx\/index.php?rest_route=%2Fwp%2Fv2%2Ftags&post=27985"}],"curies":[{"name":"wp","href":"https:\/\/api.w.org\/{rel}","templated":true}]}}