{"id":28001,"date":"2022-06-01T14:32:21","date_gmt":"2022-06-01T19:32:21","guid":{"rendered":"https:\/\/encuentroinformativo.com.mx\/?p=28001"},"modified":"2022-06-01T14:32:25","modified_gmt":"2022-06-01T19:32:25","slug":"orquesta-filarmonica-de-boca-del-rio-sera-conurbada-dara-conciertos-en-el-foro-boca-y-en-el-teatro-clavijero","status":"publish","type":"post","link":"https:\/\/encuentroinformativo.com.mx\/?p=28001","title":{"rendered":"Orquesta Filarm\u00f3nica de Boca del R\u00edo ser\u00e1 conurbada; dar\u00e1 conciertos en el Foro Boca y en el teatro Clavijero"},"content":{"rendered":"\n<p><strong>*Los alcaldes Patricia Lobeira de Yunes y Juan Manuel Un\u00e1nue anuncian colaboraci\u00f3n para el fortalecimiento y difusi\u00f3n de la cultura y las artes en ambos municipios.<\/strong><\/p>\n\n\n\n<p><strong>*Gran reapertura del Foro Boca con la presentaci\u00f3n de la Orquesta Filarm\u00f3nica teniendo como invitado al mejor violinista del mundo, Joshua Bell; el concierto ser\u00e1 el martes 14 de junio, a las 8:00 de la noche.<\/strong><\/p>\n\n\n\n<p>Veracruz, Ver.- Con el objetivo de fortalecer la cultura y las artes en la zona conurbada, la alcaldesa de Veracruz, Patricia Lobeira de Yunes, y el alcalde de Boca del R\u00edo, Juan Manuel Un\u00e1nue Abascal, anunciaron la colaboraci\u00f3n entre ambos ayuntamientos y el Foro Boca para el fortalecimiento y difusi\u00f3n de la cultura y las artes.<\/p>\n\n\n\n<p>La alcaldesa Patricia Lobeira de Yunes destac\u00f3 que \u00e9ste es un ejemplo de como la suma de voluntades logra grandes cosas. \u201cLos Ayuntamientos y el Foro Boca acordamos conjuntar esfuerzos con la finalidad de impulsar y difundir el desarrollo de la cultura, la educaci\u00f3n y las artes con un enfoque principal en la consolidaci\u00f3n de la Orquesta Filarm\u00f3nica de Boca del R\u00edo, dando el apoyo necesario para su protecci\u00f3n, conservaci\u00f3n y difusi\u00f3n\u201d.<\/p>\n\n\n\n<p>Ambos alcaldes informaron que el Teatro Francisco Javier Clavijero se convertir\u00e1 tambi\u00e9n en la casa de la Orquesta Filarm\u00f3nica, alternando sus presentaciones con el Foro Boca.<\/p>\n\n\n\n<p>Inform\u00f3 que este nuevo proyecto iniciar\u00e1 con la reapertura del Foro Boca y la presentaci\u00f3n de la Orquesta Filarm\u00f3nica, en la ciudad que la vio nacer, Boca del R\u00edo, teniendo como invitado especial al que es considerado hoy en d\u00eda el mejor violinista del mundo, Joshua Bell; el concierto ser\u00e1 el martes 14 de junio, a las 8:00 de la noche, en la sala Mester del Foro Boca.<\/p>\n\n\n\n<p>Por su parte, Juan Manuel Un\u00e1nue manifest\u00f3 que con el regreso de la Orquesta Filarm\u00f3nica de Boca del R\u00edo, se env\u00eda un mensaje fuerte y claro de trabajo en equipo y con la convicci\u00f3n que caracteriza a ambos gobiernos: poner al centro de sus decisiones el desarrollo de las personas.<\/p>\n\n\n\n<p>\u201cBienvenida sea de nueva cuenta nuestra querida Orquesta, ya que gracias a sus presentaciones seguiremos construyendo un espacio com\u00fan donde todas y todos podemos coincidir; incorporar la cultura, la m\u00fasica y las artes en la vida cotidiana de las familias y del ser humano de manera individual, nos fortalecer\u00e1 como una sociedad\u201d, manifest\u00f3.<\/p>\n\n\n\n<p>Por \u00faltimo, resalt\u00f3 que en momentos como los que se est\u00e1n viviendo, resulta necesario que los gobiernos municipales apuesten por pol\u00edticas encaminadas a fortalecer el tejido social a trav\u00e9s de actividades que promuevan valores, sensibilidad y esparcimiento.<\/p>\n\n\n\n<p>Los alcaldes hicieron la invitaci\u00f3n para presenciar los conciertos. La venta de boletos comenzar\u00e1 el d\u00eda de hoy y pueden adquirirlos por internet en la p\u00e1gina, www.foroticket.mx desde $350 pesos.<\/p>\n","protected":false},"excerpt":{"rendered":"<p>*Los alcaldes Patricia Lobeira de Yunes y Juan Manuel Un\u00e1nue anuncian colaboraci\u00f3n para el fortalecimiento y difusi\u00f3n de la cultura y las artes en ambos municipios. *Gran reapertura del Foro Boca con la presentaci\u00f3n de la Orquesta Filarm\u00f3nica teniendo como invitado al mejor violinista del mundo, Joshua Bell; el concierto ser\u00e1 el martes 14 de [&hellip;]<\/p>\n","protected":false},"author":1,"featured_media":28002,"comment_status":"open","ping_status":"open","sticky":false,"template":"","format":"standard","meta":{"_jetpack_memberships_contains_paid_content":false,"footnotes":""},"categories":[2],"tags":[],"class_list":["post-28001","post","type-post","status-publish","format-standard","has-post-thumbnail","hentry","category-estado"],"jetpack_featured_media_url":"https:\/\/encuentroinformativo.com.mx\/wp-content\/uploads\/2022\/06\/17DBC87C-8C80-44E4-A65E-6481DDC9E124.jpeg","jetpack_sharing_enabled":true,"jetpack_likes_enabled":true,"amp_enabled":true,"_links":{"self":[{"href":"https:\/\/encuentroinformativo.com.mx\/index.php?rest_route=\/wp\/v2\/posts\/28001","targetHints":{"allow":["GET"]}}],"collection":[{"href":"https:\/\/encuentroinformativo.com.mx\/index.php?rest_route=\/wp\/v2\/posts"}],"about":[{"href":"https:\/\/encuentroinformativo.com.mx\/index.php?rest_route=\/wp\/v2\/types\/post"}],"author":[{"embeddable":true,"href":"https:\/\/encuentroinformativo.com.mx\/index.php?rest_route=\/wp\/v2\/users\/1"}],"replies":[{"embeddable":true,"href":"https:\/\/encuentroinformativo.com.mx\/index.php?rest_route=%2Fwp%2Fv2%2Fcomments&post=28001"}],"version-history":[{"count":1,"href":"https:\/\/encuentroinformativo.com.mx\/index.php?rest_route=\/wp\/v2\/posts\/28001\/revisions"}],"predecessor-version":[{"id":28003,"href":"https:\/\/encuentroinformativo.com.mx\/index.php?rest_route=\/wp\/v2\/posts\/28001\/revisions\/28003"}],"wp:featuredmedia":[{"embeddable":true,"href":"https:\/\/encuentroinformativo.com.mx\/index.php?rest_route=\/wp\/v2\/media\/28002"}],"wp:attachment":[{"href":"https:\/\/encuentroinformativo.com.mx\/index.php?rest_route=%2Fwp%2Fv2%2Fmedia&parent=28001"}],"wp:term":[{"taxonomy":"category","embeddable":true,"href":"https:\/\/encuentroinformativo.com.mx\/index.php?rest_route=%2Fwp%2Fv2%2Fcategories&post=28001"},{"taxonomy":"post_tag","embeddable":true,"href":"https:\/\/encuentroinformativo.com.mx\/index.php?rest_route=%2Fwp%2Fv2%2Ftags&post=28001"}],"curies":[{"name":"wp","href":"https:\/\/api.w.org\/{rel}","templated":true}]}}