{"id":28004,"date":"2022-06-01T20:19:46","date_gmt":"2022-06-02T01:19:46","guid":{"rendered":"https:\/\/encuentroinformativo.com.mx\/?p=28004"},"modified":"2022-06-01T20:19:50","modified_gmt":"2022-06-02T01:19:50","slug":"tras-5-anos-detienen-a-trabajador-de-pemex-por-presunta-pederastia","status":"publish","type":"post","link":"https:\/\/encuentroinformativo.com.mx\/?p=28004","title":{"rendered":"Tras 5 a\u00f1os detienen a trabajador de Pemex por presunta pederastia"},"content":{"rendered":"\n<p><strong>Alejandro \u00c1vila<\/strong><\/p>\n\n\n\n<p>Boca del R\u00edo, Ver.- Cinco a\u00f1os hab\u00eda evadido a la justicia el ingeniero de Pemex, Jos\u00e9 Luis &#8220;N&#8221;, qui\u00e9n este martes fue aprehendido en el municipio de Boca del R\u00edo.<\/p>\n\n\n\n<p>La orden de aprehensi\u00f3n ejecutada por la Polic\u00eda Ministerial fue la 296\/2018, la cual acusa el delito de pederastia agravada en contra de una menor de edad, a la que habr\u00eda violentado en el municipio de Agua Dulce.<\/p>\n\n\n\n<p>Durante 5 a\u00f1os el agresor evadio a la justicia, por lo que se presume presunta complicidad de l\u00edderes sindicales, quienes durante ese lapso de tiempo, lo movieron de sede, incluso fuera del Estado de Veracruz.<\/p>\n\n\n\n<p>El comandante de la polic\u00eda del municipio de Agua Dulce, Alfredo Cruz Santos, fue quien estuvo al mando del operativo de inteligencia para dar con el presunto agresor sexual.<\/p>\n\n\n\n<p>Jos\u00e9 Luis &#8220;N&#8221; fue llevado al CERESO Regional, d\u00f3nde posteriormente ser\u00e1 puesto a disposici\u00f3n de un Juez para que este lo vincula a proceso; los padres de la v\u00edctima esperan que el agresor pagu\u00e9 una larga condena en la c\u00e1rcel.<\/p>\n","protected":false},"excerpt":{"rendered":"<p>Alejandro \u00c1vila Boca del R\u00edo, Ver.- Cinco a\u00f1os hab\u00eda evadido a la justicia el ingeniero de Pemex, Jos\u00e9 Luis &#8220;N&#8221;, qui\u00e9n este martes fue aprehendido en el municipio de Boca del R\u00edo. La orden de aprehensi\u00f3n ejecutada por la Polic\u00eda Ministerial fue la 296\/2018, la cual acusa el delito de pederastia agravada en contra de [&hellip;]<\/p>\n","protected":false},"author":1,"featured_media":28005,"comment_status":"open","ping_status":"open","sticky":false,"template":"","format":"standard","meta":{"_jetpack_memberships_contains_paid_content":false,"footnotes":""},"categories":[14],"tags":[],"class_list":["post-28004","post","type-post","status-publish","format-standard","has-post-thumbnail","hentry","category-policiaca"],"jetpack_featured_media_url":"https:\/\/encuentroinformativo.com.mx\/wp-content\/uploads\/2022\/06\/2E1421D0-830C-4EB2-A8F3-21478E619AAB.jpeg","jetpack_sharing_enabled":true,"jetpack_likes_enabled":true,"amp_enabled":true,"_links":{"self":[{"href":"https:\/\/encuentroinformativo.com.mx\/index.php?rest_route=\/wp\/v2\/posts\/28004","targetHints":{"allow":["GET"]}}],"collection":[{"href":"https:\/\/encuentroinformativo.com.mx\/index.php?rest_route=\/wp\/v2\/posts"}],"about":[{"href":"https:\/\/encuentroinformativo.com.mx\/index.php?rest_route=\/wp\/v2\/types\/post"}],"author":[{"embeddable":true,"href":"https:\/\/encuentroinformativo.com.mx\/index.php?rest_route=\/wp\/v2\/users\/1"}],"replies":[{"embeddable":true,"href":"https:\/\/encuentroinformativo.com.mx\/index.php?rest_route=%2Fwp%2Fv2%2Fcomments&post=28004"}],"version-history":[{"count":1,"href":"https:\/\/encuentroinformativo.com.mx\/index.php?rest_route=\/wp\/v2\/posts\/28004\/revisions"}],"predecessor-version":[{"id":28006,"href":"https:\/\/encuentroinformativo.com.mx\/index.php?rest_route=\/wp\/v2\/posts\/28004\/revisions\/28006"}],"wp:featuredmedia":[{"embeddable":true,"href":"https:\/\/encuentroinformativo.com.mx\/index.php?rest_route=\/wp\/v2\/media\/28005"}],"wp:attachment":[{"href":"https:\/\/encuentroinformativo.com.mx\/index.php?rest_route=%2Fwp%2Fv2%2Fmedia&parent=28004"}],"wp:term":[{"taxonomy":"category","embeddable":true,"href":"https:\/\/encuentroinformativo.com.mx\/index.php?rest_route=%2Fwp%2Fv2%2Fcategories&post=28004"},{"taxonomy":"post_tag","embeddable":true,"href":"https:\/\/encuentroinformativo.com.mx\/index.php?rest_route=%2Fwp%2Fv2%2Ftags&post=28004"}],"curies":[{"name":"wp","href":"https:\/\/api.w.org\/{rel}","templated":true}]}}