{"id":28007,"date":"2022-06-01T20:26:03","date_gmt":"2022-06-02T01:26:03","guid":{"rendered":"https:\/\/encuentroinformativo.com.mx\/?p=28007"},"modified":"2022-06-01T20:26:06","modified_gmt":"2022-06-02T01:26:06","slug":"causo-alarma-operativo-policial-en-medellin-de-bravo","status":"publish","type":"post","link":"https:\/\/encuentroinformativo.com.mx\/?p=28007","title":{"rendered":"Caus\u00f3 alarma operativo policial en Medell\u00edn de Bravo"},"content":{"rendered":"\n<p><strong>Alejandro \u00c1vila<\/strong><\/p>\n\n\n\n<p>Medell\u00edn de Bravo, Ver.- Un fuerte operativo policial en el fraccionamiento Puente Moreno del municipio de Medell\u00edn de Bravo alarm\u00f3 a los habitantes de la zona.<\/p>\n\n\n\n<p>M\u00e1s de 50 agentes de la Polic\u00eda Estatal y un helic\u00f3ptero de la Polic\u00eda Naval revisaron la zona por un reporte de un veh\u00edculo abandonado en las inmediaciones de la escuela &#8220;Edgar Morin&#8221;, ubicada en el circuito Cosmos esquina Camar\u00f3n.<\/p>\n\n\n\n<p>Se presume que est\u00e9 operativo, similar al que se hizo el pasado lunes en la colonia Francisco Villa del municipio de Veracruz, son parte del despliegue t\u00e1ctico de b\u00fasqueda que se encuentra realizando la SSP, por la privaci\u00f3n de la libertad el pasado domingo, del director de la Polic\u00eda Vial, Juan Alan Cuetero Meza, alias &#8220;El Archi&#8221;.<\/p>\n\n\n\n<p>Apenas este martes en Coatzacoalcos, el secretario de Seguridad P\u00fablica, Hugo Guti\u00e9rrez Maldonado, confirm\u00f3 la privaci\u00f3n de la libertad del funcionario estatal, y aseguro que sus captores ser\u00e1n buscados por cielo, mar y tierra.<\/p>\n\n\n\n<p>\u201cEste es el trabajo y el riesgo que corremos en la secretar\u00eda todos los elementos, tenemos un reporte del director de la Polic\u00eda Vial, desapareci\u00f3 el domingo a las 12, fue interceptado y privado de la libertad por un grupo de delincuentes que llega y lleva varias administraciones ah\u00ed trabajando en Veracruz. Nada se sabe, pero s\u00ed decirle a la delincuencia que no nos vamos a cansar, no nos vamos a cansar de perseguirlos, el que le haga da\u00f1o a un ciudadano o a un polic\u00eda lo vamos a perseguir hasta que se echen\u201d, dijo.<\/p>\n\n\n\n<p>Desde Coatzacoalcos, explic\u00f3 que el lunes&nbsp; se pudo asegurar cuatro veh\u00edculos y desgraciadamente fue abatido uno de los que participaron en el evento de este polic\u00eda desaparecido.<\/p>\n\n\n\n<p>Guti\u00e9rrez Maldonado destac\u00f3 que ya est\u00e1 la ficha de b\u00fasqueda del elemento. El Archi fue delegado de la SSP en Acayucan y Cosoleacaque, as\u00ed como en Xico, previo a ser titular de la Polic\u00eda Vial.<\/p>\n","protected":false},"excerpt":{"rendered":"<p>Alejandro \u00c1vila Medell\u00edn de Bravo, Ver.- Un fuerte operativo policial en el fraccionamiento Puente Moreno del municipio de Medell\u00edn de Bravo alarm\u00f3 a los habitantes de la zona. M\u00e1s de 50 agentes de la Polic\u00eda Estatal y un helic\u00f3ptero de la Polic\u00eda Naval revisaron la zona por un reporte de un veh\u00edculo abandonado en las [&hellip;]<\/p>\n","protected":false},"author":1,"featured_media":28008,"comment_status":"open","ping_status":"open","sticky":false,"template":"","format":"standard","meta":{"_jetpack_memberships_contains_paid_content":false,"footnotes":""},"categories":[2],"tags":[],"class_list":["post-28007","post","type-post","status-publish","format-standard","has-post-thumbnail","hentry","category-estado"],"jetpack_featured_media_url":"https:\/\/encuentroinformativo.com.mx\/wp-content\/uploads\/2022\/06\/62FD945D-33C1-48F1-B6A9-972D7D6F761F.jpeg","jetpack_sharing_enabled":true,"jetpack_likes_enabled":true,"amp_enabled":true,"_links":{"self":[{"href":"https:\/\/encuentroinformativo.com.mx\/index.php?rest_route=\/wp\/v2\/posts\/28007","targetHints":{"allow":["GET"]}}],"collection":[{"href":"https:\/\/encuentroinformativo.com.mx\/index.php?rest_route=\/wp\/v2\/posts"}],"about":[{"href":"https:\/\/encuentroinformativo.com.mx\/index.php?rest_route=\/wp\/v2\/types\/post"}],"author":[{"embeddable":true,"href":"https:\/\/encuentroinformativo.com.mx\/index.php?rest_route=\/wp\/v2\/users\/1"}],"replies":[{"embeddable":true,"href":"https:\/\/encuentroinformativo.com.mx\/index.php?rest_route=%2Fwp%2Fv2%2Fcomments&post=28007"}],"version-history":[{"count":1,"href":"https:\/\/encuentroinformativo.com.mx\/index.php?rest_route=\/wp\/v2\/posts\/28007\/revisions"}],"predecessor-version":[{"id":28009,"href":"https:\/\/encuentroinformativo.com.mx\/index.php?rest_route=\/wp\/v2\/posts\/28007\/revisions\/28009"}],"wp:featuredmedia":[{"embeddable":true,"href":"https:\/\/encuentroinformativo.com.mx\/index.php?rest_route=\/wp\/v2\/media\/28008"}],"wp:attachment":[{"href":"https:\/\/encuentroinformativo.com.mx\/index.php?rest_route=%2Fwp%2Fv2%2Fmedia&parent=28007"}],"wp:term":[{"taxonomy":"category","embeddable":true,"href":"https:\/\/encuentroinformativo.com.mx\/index.php?rest_route=%2Fwp%2Fv2%2Fcategories&post=28007"},{"taxonomy":"post_tag","embeddable":true,"href":"https:\/\/encuentroinformativo.com.mx\/index.php?rest_route=%2Fwp%2Fv2%2Ftags&post=28007"}],"curies":[{"name":"wp","href":"https:\/\/api.w.org\/{rel}","templated":true}]}}