{"id":28018,"date":"2022-06-02T08:38:54","date_gmt":"2022-06-02T13:38:54","guid":{"rendered":"https:\/\/encuentroinformativo.com.mx\/?p=28018"},"modified":"2022-06-02T08:38:58","modified_gmt":"2022-06-02T13:38:58","slug":"y-ahora-quien-va-a-confiar-en-alito","status":"publish","type":"post","link":"https:\/\/encuentroinformativo.com.mx\/?p=28018","title":{"rendered":"\u00bfY AHORA QUI\u00c9N VA A CONFIAR EN \u201cALITO\u201d?"},"content":{"rendered":"\n<p><strong>ColumnaSinNombre<br>@pablojair<\/strong><\/p>\n\n\n\n<ul class=\"wp-block-list\"><li>Las encuestas a pocos d\u00edas de las elecciones estatales.<\/li><li>Que Julen tambi\u00e9n andaba en M\u00f3naco y se enojaron.<\/li><li>Descanse en paz, Don Rodolfo Poblete Dolores.<\/li><\/ul>\n\n\n\n<p>Sawebo, triunf\u00f3 el mal: gan\u00f3 Johnny Depp<br>\u2014Chopenjawer<\/p>\n\n\n\n<p>Dicen los abogados que cuando existen audios filtrados, lo primero que debe hacerse es negar todo: \u201cNo es mi voz\u201d, \u201cEst\u00e1 editado\u201d, \u201cMe est\u00e1n imitando\u201d, etc. El deslinde, m\u00e1s que medi\u00e1tico, es de orden legal.<\/p>\n\n\n\n<p>Se recuerda que en tiempos del gobierno de Fidel Herrera Beltr\u00e1n se filtraron audios famosos y que quedaron en el anecdotario veracruzano de la pol\u00edtica por frases como \u201cEl Fogoso\u201d o \u201c\u2018D\u00e9jame ayuduarte\u2019\u201d. Al surgir \u00e9stos, funcionarios, pol\u00edticos y periodistas fueron convocados a Casa Veracruz (la entonces residencia oficial del Ejecutivo) para presenciar una exposici\u00f3n del propio mandatario estatal sobre lo filtrado.<\/p>\n\n\n\n<p>\u201cQue buena imitaci\u00f3n me hicieron, \u00bfverdad?\u201d, fue el comentario jocoso que hizo T\u00edo Fide, a lo que todos rieron entre nerviosos y burlones.<\/p>\n\n\n\n<p>Esto se trae al presente por la manera en que el presidente nacional del Partido Revolucionario Institucional (PRI), Alejandro Moreno &#8211;conocido como &#8220;Alito&#8221;&#8211; ha demostrado que en momentos de crisis no sabe responder o tiene malos asesores para ayudarle.<\/p>\n\n\n\n<p>Lo m\u00e1s reciente es haber revelado una conversaci\u00f3n privada con el senador Manuel Velasco, donde supuestamente el exgobernador chiapaneco lo amenaz\u00f3 de muerte \u2014seg\u00fan la imaginaci\u00f3n de \u201cAlito\u201d\u2014 si no ayudaba a dar los votos para la Reforma El\u00e9ctrica\u2026 que finalmente no pas\u00f3.<\/p>\n\n\n\n<p>Lo anterior fue para \u201canticiparse\u201d a otro nuevo audio revelador que dio a conocer Layda Sansores, la gobernadora de Campeche (estado natal de \u201cAlito\u201d, donde tambi\u00e9n fue mandatario) sobre un presunto despojo y lavado de dinero.<\/p>\n\n\n\n<p>Pero el audio de la semana pasada fue muy contundente y un fuerte golpe para el pri\u00edsta y sus aliados pol\u00edticos de oposici\u00f3n: \u201cA los periodistas no se les mata a balazos, se les mata de hambre\u201d fue la nefasta frase lapidaria que \u201cAlito\u201d habr\u00eda hecho a un interlocutor.<\/p>\n\n\n\n<p>Han sido varios los audios que se han lanzado contra el dirigente pri\u00edsta, pero no se ve \u2014como siempre ocurre\u2014 que esto vaya a avanzar m\u00e1s all\u00e1 del esc\u00e1ndalo; que no se investigar\u00e1 gran cosa porque ya ese tipo de materiales son parte de la cultura pol\u00edtica mexicana.<\/p>\n\n\n\n<p>Tambi\u00e9n es deleznable que Morena, en manos de Sansores, utilice esas viejas artima\u00f1as que tanto critic\u00f3 en el pasado y que se usaron precisamente para obstaculizar la llegada de Andr\u00e9s Manuel L\u00f3pez Obrador a la Presidencia de la Rep\u00fablica.<\/p>\n\n\n\n<p>No obstante, los audios s\u00ed parecen leg\u00edtimos; incluso hasta parecen grabados por el propio \u201cAlito\u201d o de gente muy cercana y como que alguien lo vendi\u00f3 al nuevo gobierno estatal. Si escucha con atenci\u00f3n, son conversaciones muy \u00edntimas: pl\u00e1ticas entre cercanos no telef\u00f3nicas, pues un pol\u00edtico profesional sabe que no es lo mismo una conversaci\u00f3n en corto que una llamada donde pueden estar colgados todos los p\u00e1jaros. Alguien lo grab\u00f3 y \u201cAlito\u201d seguramente sabe qui\u00e9n fue; se descuid\u00f3 y alguien se desquit\u00f3 o simplemente lo traicion\u00f3.<\/p>\n\n\n\n<p>Pero la reacci\u00f3n m\u00e1s reciente fue peor, pues el mismo \u201cAlito\u201d se exhibi\u00f3 dando a entender que tambi\u00e9n graba sus conversaciones telef\u00f3nicas (como la que hizo con Velasco) y las usa para defender su imagen, aunque le puedan salir muy caro los platos rotos al PRI, ya de por s\u00ed muy desacreditado.<\/p>\n\n\n\n<p>\u00bfQui\u00e9n ahora confiar\u00e1 en \u201cAlito\u201d para hacerle una llamada telef\u00f3nica para discutir asuntos electorales o pol\u00edticos? \u00bfQui\u00e9n asegura que en aras de rescatar su imagen personal no va a empinar a actores pol\u00edticos que en ese momento pueden ser sus amigos, pero m\u00e1s adelante ni se acordar\u00e1 de ellos? Con esos descuidos, \u00bfqui\u00e9n asegura que nuevamente \u201cAlito\u201d no vuelva a cometer el error de que esas conversaciones se filtren?<\/p>\n\n\n\n<p>Ya hab\u00edamos comentado en este espacio que el exgobernador campechano ha tenido serios errores que lo han puesto en predicamentos \u2014que en nada de le ayudan a su partido\u2014 y es precisamente al reaccionar en tiempos de crisis.<\/p>\n\n\n\n<p>Uno muy pat\u00e9tico fue cuando arremeti\u00f3 contra el actual alcalde de Monterrey, Luis Donaldo Colosio Riojas (actualmente en el partido Movimiento Ciudadano), a quien cuestion\u00f3 como un desconocido y que su carrera pol\u00edtica la deb\u00eda al PRI, como si el apellido del m\u00e1rtir pri\u00edsta fuese marca exclusiva del tricolor.<\/p>\n\n\n\n<p>Para \u201cresarcir\u201d este error, \u201cAlito\u201d todav\u00eda tuvo la ocurrencia de decir que lo atacaban porque era aspirante a la Presidencia de la Rep\u00fablica, destap\u00e1ndose como si nada, sin que nadie se lo pidiera.<\/p>\n\n\n\n<p>Mire, la verdad no debe ser f\u00e1cil para \u201cAlito\u201d (neta, qu\u00e9 apodo m\u00e1s chafa para un l\u00edder) tener que jalar las riendas de un partido que era todopoderoso y ahora est\u00e1 en la lona con muchas dificultades para levantarse. De entrada, en las pr\u00f3ximas elecciones del 5 de junio, los estados de Hidalgo y Oaxaca (dos de los bastiones hist\u00f3ricos del PRI que le quedan) entregar\u00e1n la estafeta a gobiernos emanados de Morena. S\u00f3lo le quedar\u00e1n en el mapa nacional el Estado de M\u00e9xico y Coahuila.<\/p>\n\n\n\n<p>Pri\u00edstas serios y sesudos me han comentado que el partido nunca aprendi\u00f3 a ser oposici\u00f3n o a vivir sin el presupuesto p\u00fablico. Siempre fue m\u00e1s f\u00e1cil para ellos ser el partido dominante que tuvo un respiro en tiempos de Pe\u00f1a Nieto, pero que volvi\u00f3 a cometer los mismos errores del pasado con esc\u00e1ndalos de corrupci\u00f3n y enriquecimiento inexplicable: los jugosos negocios al amparo del poder.<\/p>\n\n\n\n<p>Alejandro Moreno C\u00e1rdenas es relativamente joven, aunque ya para las nuevas generaciones ya pas\u00f3 de ser un chavorruco. Se puede decir que es un joven \u201cpl\u00e1stico\u201d pues aparte de las vistosas cirug\u00edas pl\u00e1sticas que se mete, su liderazgo parece m\u00e1s artificial, s\u00f3lo recibiendo el respeto institucional y disciplinado de quienes tienen la camiseta bien puesta del partido y son tricolores de hueso colorado.<\/p>\n\n\n\n<p>Pero a ese \u201cjoven pl\u00e1stico\u201d lo han estado exhibiendo por tener las mismas ma\u00f1as del rancio PRI que no termina por irse o erradicar esas pr\u00e1cticas que lo llevan a la debacle.<\/p>\n\n\n\n<p>\u00bfQu\u00e9 pasar\u00e1 con \u201cAlito\u201d al t\u00e9rmino de las elecciones? \u00bfSeguir\u00e1 teniendo la fortaleza, la autoridad moral como l\u00edder para seguir dirigiendo al otrora poderoso PRI?<\/p>\n\n\n\n<p>Pero lo m\u00e1s importante: \u00bfqui\u00e9n se anotar\u00eda para sucederlo?<\/p>\n\n\n\n<p>T\u00f3mense en cuenta los rumores que hay en el Altiplano publicados por el portal Politico.Mx: \u201cCuentan que en el CEN del PRI ya se est\u00e1 planeando proponer una tregua a los ataques que ha recibido el dirigente nacional, Alito Moreno. Dicen que el exgobernador de Campeche ya no aguanta la presi\u00f3n y, seg\u00fan se dice, a\u00fan hay una buena cantidad de audios comprometedores, que ponen en riesgo no s\u00f3lo a Alito, sino tambi\u00e9n a sus allegados. De concretarse, nos aseguran, el tricolor bajar\u00eda las manos de la contienda por la gubernatura de Coahuila, en 2023, y tambi\u00e9n parar\u00eda la operaci\u00f3n pol\u00edtica en el Estado de M\u00e9xico, a cambio del cese al fuego\u201d.<\/p>\n\n\n\n<p>Otro dato publicado por el mismo portal indica: \u201cLos panistas que apoyan una alianza m\u00e1s profunda de Va por M\u00e9xico ya est\u00e1n analizando qu\u00e9 estar\u00edan dispuestos a ceder para que el candidato presidencial de 2024 sea de origen blanquiazul. Fuentes de Pol\u00edtico MX, nos cuentan que entre las esferas de Acci\u00f3n Nacional ya se dice que estar\u00edan dispuestos a apoyar de lleno para que un pri\u00edsta sea el candidato para la elecci\u00f3n en Estado de M\u00e9xico en 2023\u201d.<\/p>\n\n\n\n<p>As\u00ed que si \u201cAlito\u201d quer\u00eda ser presidente, pos ya se le ceb\u00f3, pero al menos parece que le dejaran poner candidato en Edomex para 2023.<\/p>\n\n\n\n<p>Ah\u00ed la llevan.<\/p>\n\n\n\n<p><strong>NOTA PARA PEGAR EN EL REFRI: <\/strong>Reportan las encuestas de Polls.Mx que habr\u00edan 4 gubernaturas para Morena, otra para el PRIANRD y muy cerrado Durango, donde si Movimiento Ciudadano se sumara al partido lopezobradorista o la alianza opositora, los beneficiar\u00eda con un buen margen\u2026 Otro escenario es que si se sumara el partido del T\u00edo Dante a Morena en Aguascalientes, tambi\u00e9n le inclinar\u00eda la balanza a favor (PT ya declin\u00f3)\u2026 Otro dato es que si se juntara toda la oposici\u00f3n en Quintana Roo, Morena perder\u00eda por tres puntos, en teor\u00eda\u2026 En Oaxaca, Hidalgo y Tamaulipas, ni sum\u00e1ndose todos los opositores logran alcanzar a los punteros morenistas\u2026 Hay quienes dicen que la verdadera encuesta es el 5 de junio, as\u00ed que ya se ver\u00e1 que pasa el pr\u00f3ximo domingo.<\/p>\n\n\n\n<p><strong>OTRA NOTA: <\/strong>Seg\u00fan chismes desde el Senado en medios nacionales, que los panistas est\u00e1n enojados con su coordinador de bancada Julen Rementer\u00eda porque este se hab\u00eda ausentado en los \u00faltimos d\u00edas argumentando que ten\u00eda COVID, pero sin haber presentado justificante m\u00e9dico alguno. Luego entonces, resulta sospechoso que coincidentemente se haya ausentado cuando su hijo, el diputado local Bingen Rementer\u00eda, presum\u00eda su presencia en el Gran Premio de M\u00f3naco, cuando deber\u00eda estar ayudando al cierre de las campa\u00f1as en los estados\u2026 Otro asunto que llama la atenci\u00f3n es que finalmente all\u00e1 andaba Felipe Calder\u00f3n, que es algo as\u00ed como el panista renuente y berrinchudo que ahorita estar\u00edan clamando por su regreso un sector del PAN\u2026 O sea, el asunto no es si andaban disfrutando del Principado de M\u00f3naco como mirreyes, sino que habr\u00e1n platicado con Calder\u00f3n y que en una de esas ni le reportan a sus correligionarios o dirigente nacional.<\/p>\n\n\n\n<p><strong>LA \u00daLTIMA PORQUE PASA TEMPRANO LA LIMUSINA DEL POOL DE PRENSA VIP PARA EL SALSA FEST, CON CHAMPA\u00d1A FR\u00cdA: <\/strong>Muy triste la noticia en el gremio de la vieja guardia del periodismo, con la lamentable noticia del fallecimiento de Don Rodolfo Poblete Dolores\u2026 Originario de Minatitl\u00e1n, miembro de una muy conocida y apreciada familia en la petrolera ciudad, estudi\u00f3 Periodismo en la facultad de la Universidad Veracruzana y desde hace a\u00f1os viv\u00eda avecindado en Xalapa, lugar en el que trascendi\u00f3 la tarde de este mi\u00e9rcoles, v\u00edctima de un c\u00e1ncer contra el que estaba luchando. Descanse en paz y abrazo a sus seres queridos.<\/p>\n","protected":false},"excerpt":{"rendered":"<p>ColumnaSinNombre@pablojair Las encuestas a pocos d\u00edas de las elecciones estatales. Que Julen tambi\u00e9n andaba en M\u00f3naco y se enojaron. Descanse en paz, Don Rodolfo Poblete Dolores. Sawebo, triunf\u00f3 el mal: gan\u00f3 Johnny Depp\u2014Chopenjawer Dicen los abogados que cuando existen audios filtrados, lo primero que debe hacerse es negar todo: \u201cNo es mi voz\u201d, \u201cEst\u00e1 editado\u201d, [&hellip;]<\/p>\n","protected":false},"author":1,"featured_media":488,"comment_status":"open","ping_status":"open","sticky":false,"template":"","format":"standard","meta":{"_jetpack_memberships_contains_paid_content":false,"footnotes":""},"categories":[11],"tags":[],"class_list":["post-28018","post","type-post","status-publish","format-standard","has-post-thumbnail","hentry","category-opinion"],"jetpack_featured_media_url":"https:\/\/encuentroinformativo.com.mx\/wp-content\/uploads\/2020\/03\/F471F608-BA1A-416B-BA7B-BCFB24F4E6D0.jpeg","jetpack_sharing_enabled":true,"jetpack_likes_enabled":true,"amp_enabled":true,"_links":{"self":[{"href":"https:\/\/encuentroinformativo.com.mx\/index.php?rest_route=\/wp\/v2\/posts\/28018","targetHints":{"allow":["GET"]}}],"collection":[{"href":"https:\/\/encuentroinformativo.com.mx\/index.php?rest_route=\/wp\/v2\/posts"}],"about":[{"href":"https:\/\/encuentroinformativo.com.mx\/index.php?rest_route=\/wp\/v2\/types\/post"}],"author":[{"embeddable":true,"href":"https:\/\/encuentroinformativo.com.mx\/index.php?rest_route=\/wp\/v2\/users\/1"}],"replies":[{"embeddable":true,"href":"https:\/\/encuentroinformativo.com.mx\/index.php?rest_route=%2Fwp%2Fv2%2Fcomments&post=28018"}],"version-history":[{"count":1,"href":"https:\/\/encuentroinformativo.com.mx\/index.php?rest_route=\/wp\/v2\/posts\/28018\/revisions"}],"predecessor-version":[{"id":28019,"href":"https:\/\/encuentroinformativo.com.mx\/index.php?rest_route=\/wp\/v2\/posts\/28018\/revisions\/28019"}],"wp:featuredmedia":[{"embeddable":true,"href":"https:\/\/encuentroinformativo.com.mx\/index.php?rest_route=\/wp\/v2\/media\/488"}],"wp:attachment":[{"href":"https:\/\/encuentroinformativo.com.mx\/index.php?rest_route=%2Fwp%2Fv2%2Fmedia&parent=28018"}],"wp:term":[{"taxonomy":"category","embeddable":true,"href":"https:\/\/encuentroinformativo.com.mx\/index.php?rest_route=%2Fwp%2Fv2%2Fcategories&post=28018"},{"taxonomy":"post_tag","embeddable":true,"href":"https:\/\/encuentroinformativo.com.mx\/index.php?rest_route=%2Fwp%2Fv2%2Ftags&post=28018"}],"curies":[{"name":"wp","href":"https:\/\/api.w.org\/{rel}","templated":true}]}}