{"id":28021,"date":"2022-06-02T09:06:31","date_gmt":"2022-06-02T14:06:31","guid":{"rendered":"https:\/\/encuentroinformativo.com.mx\/?p=28021"},"modified":"2022-06-02T09:06:34","modified_gmt":"2022-06-02T14:06:34","slug":"el-changoleon-de-lilly","status":"publish","type":"post","link":"https:\/\/encuentroinformativo.com.mx\/?p=28021","title":{"rendered":"El Changole\u00f3n de Lilly"},"content":{"rendered":"\n<p><strong>Los Pol\u00edticos<\/strong><\/p>\n\n\n\n<p><strong>Salvador Mu\u00f1oz<\/strong><\/p>\n\n\n\n<p>Quien se lleva, se aguanta, reza el adagio. Gerardo Fern\u00e1ndez Noro\u00f1a, quien puso el mote a los blanquiazules de \u201cpaniaguados\u201d, result\u00f3 con la piel demasiado delgada cuando la senadora Lilly T\u00e9llez se dirigi\u00f3 a \u00e9l como \u201cChangole\u00f3n\u201d.<\/p>\n\n\n\n<p>\u00bfSe acuerdan cuando el que finge como secretario de Gobierno, Eric Cisneros Burgos, se quej\u00f3 porque le dec\u00edan \u201cBola 8\u201d?<\/p>\n\n\n\n<p>No obstante, hay que reconocer que Fern\u00e1ndez Noro\u00f1a en algo tiene raz\u00f3n: \u00bfQu\u00e9 hubiera pasado si \u00e9l se dirige a Lilly T\u00e9llez con un calificativo en especial? Responde que lo hubieran acusado por Violencia Pol\u00edtica de G\u00e9nero\u2026<\/p>\n\n\n\n<p>En lo que s\u00ed no estoy de acuerdo es en que acuse a la senadora de clasista y racista por usar ese adjetivo, Changole\u00f3n, porque si lo hace, es por el parecido que supone guarda el legislador con este personaje que a mediados del 2005, salt\u00f3 a la fama por el programa de Facundo, \u201cInc\u00f3gnito\u201d.<\/p>\n\n\n\n<p>En lo que s\u00ed podr\u00eda estar m\u00e1s o menos de acuerdo con Noro\u00f1a, es cuando habla de \u201cla falta de educaci\u00f3n\u201d en la senadora al referirse a \u00e9l con un mote. A lo mejor yo lo calificar\u00eda como falta de criterio y de pol\u00edtica para comportarse del mismo modo en que el legislador los ha tratado y m\u00e1s cuando el tema que se discut\u00eda en el Senado era el de la violencia\u2026<\/p>\n\n\n\n<p>Crimen organizado, levantones, feminicidios, de cierto modo hasta ataques armados rayando en el terrorismo\u2026 Veracruz sabe muy bien de eso.<\/p>\n\n\n\n<p>Y si ya el clima de violencia en el pa\u00eds est\u00e1 tan de la patada, \u00bfno creen que es un poco estresante que se lleve a los esca\u00f1os y las curules donde se supone que nuestros representantes hablan por nosotros? Al menos con Lilly T\u00e9llez y Noro\u00f1a pudiera decir \u201cNo me representan\u201d.<\/p>\n\n\n\n<p>Ahora, la Oposici\u00f3n mantiene la firme idea de que Andr\u00e9s Manuel L\u00f3pez Obrador ha polarizado al pa\u00eds: los buenos y los malos; los fif\u00eds y los chairos; el pueblo y los traidores a la Patria, dijera Mario Delgado\u2026 el asunto no es que se\u00f1alen de \u201cPolarizador\u201d al Pejedente, sino que no perciban en que est\u00e1n jugando el juego que quiere el Pejedente. Peor a\u00fan: que lo hagan con conocimiento de causa\u2026<\/p>\n\n\n\n<p>Dicen que cuando combates al monstruo corres el riesgo de convertirte en el monstruo y Lilly T\u00e9llez eso parec\u00eda, aunque no fue la \u00fanica\u2026 el Sen-actor (es que ya parece un Show el Senado) Mario Zamora igual le entr\u00f3 a la violencia legislativa retando a golpes a Noro\u00f1a.<\/p>\n\n\n\n<p>Por supuesto, la irritabilidad en las C\u00e1maras alta y baja as\u00ed como en las estatales no son nada nuevo, pero no por eso se justifica\u2026 v\u00e9alo as\u00ed: la violencia contra la mujer no es un tema de este nuevo siglo\u2026 \u00bfpero ya nada m\u00e1s por eso tenemos que aceptarla? digo, es un ejemplo a vuelo de p\u00e1jaro\u2026 a lo que voy es que puede ser interesante para la Oposici\u00f3n asumir ese papel histri\u00f3nico pensando en generar simpat\u00edas insultando a Noro\u00f1a, a Morena, a AMLO, y es posible que gane los aplausos entre sus afines, entre sus iguales, pero es igual seguro que haya ciudadanos que resuman el Changole\u00f3n de Lilly T\u00e9llez con un simple \u201ctodos los pol\u00edticos son iguales\u201d, aunque haya quienes digan lo contrario\u2026<\/p>\n\n\n\n<p><a href=\"mailto:smcainito@gmail.com\" target=\"_blank\" rel=\"noreferrer noopener\">smcainito@gmail.com<\/a><\/p>\n","protected":false},"excerpt":{"rendered":"<p>Los Pol\u00edticos Salvador Mu\u00f1oz Quien se lleva, se aguanta, reza el adagio. Gerardo Fern\u00e1ndez Noro\u00f1a, quien puso el mote a los blanquiazules de \u201cpaniaguados\u201d, result\u00f3 con la piel demasiado delgada cuando la senadora Lilly T\u00e9llez se dirigi\u00f3 a \u00e9l como \u201cChangole\u00f3n\u201d. \u00bfSe acuerdan cuando el que finge como secretario de Gobierno, Eric Cisneros Burgos, se [&hellip;]<\/p>\n","protected":false},"author":1,"featured_media":387,"comment_status":"open","ping_status":"open","sticky":false,"template":"","format":"standard","meta":{"_jetpack_memberships_contains_paid_content":false,"footnotes":""},"categories":[11],"tags":[],"class_list":["post-28021","post","type-post","status-publish","format-standard","has-post-thumbnail","hentry","category-opinion"],"jetpack_featured_media_url":"https:\/\/encuentroinformativo.com.mx\/wp-content\/uploads\/2020\/03\/7CF8A22B-2764-47BE-8F7F-38FE9E5D6A2F.jpeg","jetpack_sharing_enabled":true,"jetpack_likes_enabled":true,"amp_enabled":true,"_links":{"self":[{"href":"https:\/\/encuentroinformativo.com.mx\/index.php?rest_route=\/wp\/v2\/posts\/28021","targetHints":{"allow":["GET"]}}],"collection":[{"href":"https:\/\/encuentroinformativo.com.mx\/index.php?rest_route=\/wp\/v2\/posts"}],"about":[{"href":"https:\/\/encuentroinformativo.com.mx\/index.php?rest_route=\/wp\/v2\/types\/post"}],"author":[{"embeddable":true,"href":"https:\/\/encuentroinformativo.com.mx\/index.php?rest_route=\/wp\/v2\/users\/1"}],"replies":[{"embeddable":true,"href":"https:\/\/encuentroinformativo.com.mx\/index.php?rest_route=%2Fwp%2Fv2%2Fcomments&post=28021"}],"version-history":[{"count":1,"href":"https:\/\/encuentroinformativo.com.mx\/index.php?rest_route=\/wp\/v2\/posts\/28021\/revisions"}],"predecessor-version":[{"id":28022,"href":"https:\/\/encuentroinformativo.com.mx\/index.php?rest_route=\/wp\/v2\/posts\/28021\/revisions\/28022"}],"wp:featuredmedia":[{"embeddable":true,"href":"https:\/\/encuentroinformativo.com.mx\/index.php?rest_route=\/wp\/v2\/media\/387"}],"wp:attachment":[{"href":"https:\/\/encuentroinformativo.com.mx\/index.php?rest_route=%2Fwp%2Fv2%2Fmedia&parent=28021"}],"wp:term":[{"taxonomy":"category","embeddable":true,"href":"https:\/\/encuentroinformativo.com.mx\/index.php?rest_route=%2Fwp%2Fv2%2Fcategories&post=28021"},{"taxonomy":"post_tag","embeddable":true,"href":"https:\/\/encuentroinformativo.com.mx\/index.php?rest_route=%2Fwp%2Fv2%2Ftags&post=28021"}],"curies":[{"name":"wp","href":"https:\/\/api.w.org\/{rel}","templated":true}]}}