{"id":28034,"date":"2022-06-02T16:41:19","date_gmt":"2022-06-02T21:41:19","guid":{"rendered":"https:\/\/encuentroinformativo.com.mx\/?p=28034"},"modified":"2022-06-02T16:41:22","modified_gmt":"2022-06-02T21:41:22","slug":"abril-y-mayo-los-meses-con-mayores-incendios-forestales-pc-estatal","status":"publish","type":"post","link":"https:\/\/encuentroinformativo.com.mx\/?p=28034","title":{"rendered":"Abril y mayo los meses con mayores incendios forestales: PC Estatal"},"content":{"rendered":"\n<p><strong>Alejandro \u00c1vila<\/strong><\/p>\n\n\n\n<p>Veracruz, Ver.- Los meses de abril y mayo fue donde se registr\u00f3 el mayor n\u00famero de incendios forestales en lo que va del 2022, inform\u00f3 la secretaria de Protecci\u00f3n Civil, Guadalupe Osorno Maldonado.<\/p>\n\n\n\n<p>La funcionaria Estatal dijo que, este jueves, el gobernador Cuitl\u00e1huac Garc\u00eda Jim\u00e9nez, instalar\u00e1 el Consejo Estatal de Protecci\u00f3n Civil, donde se girar\u00e1n las instrucciones para prevenir los siniestros que se generan en la \u00e9poca de lluvias.<\/p>\n\n\n\n<p>&#8220;Respecto a los incendios, hemos tenido un n\u00famero significativo, m\u00e1s que el a\u00f1o pasado, arriba de 100 eventos; sin embargo, hemos tenido menos ha siniestradas, a pesar de que el mes de abril y el mes de mayo, fueron meses muy complicados para el tema, tuvimos muchos d\u00edas d\u00f3nde tuvimos arriba de 10 incendios, en d\u00f3nde las brigadas de CONAFOR, las brigadas de Medio Ambiente, las brigadas voluntarias, el trabajo de la gente que cuida sus bosques es muy importante, y tambi\u00e9n las fuerzas armadas, principalmente el Ej\u00e9rcito que nos estuvo apoyando en las labores de combate, hicieron que pudi\u00e9ramos afrontar esta situaci\u00f3n tan compleja, adem\u00e1s del apoyo de la Marina con aeronaves, y del Gobierno del Estado con aeronaves, tambi\u00e9n es que nos permite el combate&#8221;, apunt\u00f3.<\/p>\n\n\n\n<p>Finalmente y en otro tema dijo que, para el Festival Internacional de la Salsa que inicia este jueves, la dependencia a su cargo dispondr\u00e1 de 100 elementos, mismos que se sumar\u00e1n al operativo que ser\u00e1 coordinado por la Polic\u00eda Naval.<\/p>\n","protected":false},"excerpt":{"rendered":"<p>Alejandro \u00c1vila Veracruz, Ver.- Los meses de abril y mayo fue donde se registr\u00f3 el mayor n\u00famero de incendios forestales en lo que va del 2022, inform\u00f3 la secretaria de Protecci\u00f3n Civil, Guadalupe Osorno Maldonado. La funcionaria Estatal dijo que, este jueves, el gobernador Cuitl\u00e1huac Garc\u00eda Jim\u00e9nez, instalar\u00e1 el Consejo Estatal de Protecci\u00f3n Civil, donde [&hellip;]<\/p>\n","protected":false},"author":1,"featured_media":28035,"comment_status":"open","ping_status":"open","sticky":false,"template":"","format":"standard","meta":{"_jetpack_memberships_contains_paid_content":false,"footnotes":""},"categories":[2],"tags":[],"class_list":["post-28034","post","type-post","status-publish","format-standard","has-post-thumbnail","hentry","category-estado"],"jetpack_featured_media_url":"https:\/\/encuentroinformativo.com.mx\/wp-content\/uploads\/2022\/06\/BD05D1B8-E9A2-45FD-8BD5-9B0A770D2348.jpeg","jetpack_sharing_enabled":true,"jetpack_likes_enabled":true,"amp_enabled":true,"_links":{"self":[{"href":"https:\/\/encuentroinformativo.com.mx\/index.php?rest_route=\/wp\/v2\/posts\/28034","targetHints":{"allow":["GET"]}}],"collection":[{"href":"https:\/\/encuentroinformativo.com.mx\/index.php?rest_route=\/wp\/v2\/posts"}],"about":[{"href":"https:\/\/encuentroinformativo.com.mx\/index.php?rest_route=\/wp\/v2\/types\/post"}],"author":[{"embeddable":true,"href":"https:\/\/encuentroinformativo.com.mx\/index.php?rest_route=\/wp\/v2\/users\/1"}],"replies":[{"embeddable":true,"href":"https:\/\/encuentroinformativo.com.mx\/index.php?rest_route=%2Fwp%2Fv2%2Fcomments&post=28034"}],"version-history":[{"count":1,"href":"https:\/\/encuentroinformativo.com.mx\/index.php?rest_route=\/wp\/v2\/posts\/28034\/revisions"}],"predecessor-version":[{"id":28036,"href":"https:\/\/encuentroinformativo.com.mx\/index.php?rest_route=\/wp\/v2\/posts\/28034\/revisions\/28036"}],"wp:featuredmedia":[{"embeddable":true,"href":"https:\/\/encuentroinformativo.com.mx\/index.php?rest_route=\/wp\/v2\/media\/28035"}],"wp:attachment":[{"href":"https:\/\/encuentroinformativo.com.mx\/index.php?rest_route=%2Fwp%2Fv2%2Fmedia&parent=28034"}],"wp:term":[{"taxonomy":"category","embeddable":true,"href":"https:\/\/encuentroinformativo.com.mx\/index.php?rest_route=%2Fwp%2Fv2%2Fcategories&post=28034"},{"taxonomy":"post_tag","embeddable":true,"href":"https:\/\/encuentroinformativo.com.mx\/index.php?rest_route=%2Fwp%2Fv2%2Ftags&post=28034"}],"curies":[{"name":"wp","href":"https:\/\/api.w.org\/{rel}","templated":true}]}}