{"id":28038,"date":"2022-06-02T17:02:54","date_gmt":"2022-06-02T22:02:54","guid":{"rendered":"https:\/\/encuentroinformativo.com.mx\/?p=28038"},"modified":"2022-06-02T17:02:57","modified_gmt":"2022-06-02T22:02:57","slug":"regresa-gobierno-de-veracruz-12-mdp-a-medellin-de-bravo","status":"publish","type":"post","link":"https:\/\/encuentroinformativo.com.mx\/?p=28038","title":{"rendered":"Regresa Gobierno de Veracruz, 12 mdp a Medell\u00edn de Bravo"},"content":{"rendered":"\n<p><strong>Alejandro \u00c1vila<\/strong><\/p>\n\n\n\n<p>Medell\u00edn de Bravo, Ver.- Tras salir avantes de un litigio, el Gobierno de Veracruz regres\u00f3 al municipio de Medell\u00edn de Bravo, poco m\u00e1s de 12 millones de pesos, de fondos federales que hab\u00edan sido retenidos hace 6 a\u00f1os.<\/p>\n\n\n\n<p>Dichos recursos corresponden al Fondo para la Infraestructura Social Municipal&nbsp; (FISM), los cuales en d\u00edas pasados, por instrucciones del gobernador Cuitl\u00e1huac Garc\u00eda Jim\u00e9nez, fueron depositados a la administraci\u00f3n medellinense.<\/p>\n\n\n\n<p>Por ley, explic\u00f3 el alcalde Marcos Isle\u00f1o Andrade, los recursos del Fondo para la Infraestructura Social Municipal (FISM) deben destinarse al financiamiento de obras, acciones sociales b\u00e1sicas e inversiones que beneficien a la poblaci\u00f3n.<\/p>\n\n\n\n<p>En ese sentido, anunci\u00f3 que gran parte del dinero recuperado ser\u00e1 ocupado para la compra de tres camiones recolectores de basura y una gr\u00faa, con la cual se agilizar\u00e1n los trabajos de reparaci\u00f3n de luminarias en el municipio.<\/p>\n\n\n\n<p>El mun\u00edcipe subray\u00f3 que la compra de las cuatro unidades ascender\u00e1 aproximadamente a 7.5 millones de pesos.<\/p>\n\n\n\n<p>Con esto, coment\u00f3 el edil, el parque vehicular ascender\u00eda a nueve camiones recolectores de basura y dos gr\u00faas.<\/p>\n\n\n\n<p>El mun\u00edcipe subray\u00f3 finalmente que con el dinero restante se conformar\u00e1 un fondo de reserva para enfrentar cualquier desastre natural que pudiera registrarse en perjuicio de los ciudadanos medellinenses.<\/p>\n","protected":false},"excerpt":{"rendered":"<p>Alejandro \u00c1vila Medell\u00edn de Bravo, Ver.- Tras salir avantes de un litigio, el Gobierno de Veracruz regres\u00f3 al municipio de Medell\u00edn de Bravo, poco m\u00e1s de 12 millones de pesos, de fondos federales que hab\u00edan sido retenidos hace 6 a\u00f1os. Dichos recursos corresponden al Fondo para la Infraestructura Social Municipal&nbsp; (FISM), los cuales en d\u00edas [&hellip;]<\/p>\n","protected":false},"author":1,"featured_media":28039,"comment_status":"open","ping_status":"open","sticky":false,"template":"","format":"standard","meta":{"_jetpack_memberships_contains_paid_content":false,"footnotes":""},"categories":[2],"tags":[],"class_list":["post-28038","post","type-post","status-publish","format-standard","has-post-thumbnail","hentry","category-estado"],"jetpack_featured_media_url":"https:\/\/encuentroinformativo.com.mx\/wp-content\/uploads\/2022\/06\/A9E83C94-5978-4760-9813-ABA882C9C649.jpeg","jetpack_sharing_enabled":true,"jetpack_likes_enabled":true,"amp_enabled":true,"_links":{"self":[{"href":"https:\/\/encuentroinformativo.com.mx\/index.php?rest_route=\/wp\/v2\/posts\/28038","targetHints":{"allow":["GET"]}}],"collection":[{"href":"https:\/\/encuentroinformativo.com.mx\/index.php?rest_route=\/wp\/v2\/posts"}],"about":[{"href":"https:\/\/encuentroinformativo.com.mx\/index.php?rest_route=\/wp\/v2\/types\/post"}],"author":[{"embeddable":true,"href":"https:\/\/encuentroinformativo.com.mx\/index.php?rest_route=\/wp\/v2\/users\/1"}],"replies":[{"embeddable":true,"href":"https:\/\/encuentroinformativo.com.mx\/index.php?rest_route=%2Fwp%2Fv2%2Fcomments&post=28038"}],"version-history":[{"count":1,"href":"https:\/\/encuentroinformativo.com.mx\/index.php?rest_route=\/wp\/v2\/posts\/28038\/revisions"}],"predecessor-version":[{"id":28040,"href":"https:\/\/encuentroinformativo.com.mx\/index.php?rest_route=\/wp\/v2\/posts\/28038\/revisions\/28040"}],"wp:featuredmedia":[{"embeddable":true,"href":"https:\/\/encuentroinformativo.com.mx\/index.php?rest_route=\/wp\/v2\/media\/28039"}],"wp:attachment":[{"href":"https:\/\/encuentroinformativo.com.mx\/index.php?rest_route=%2Fwp%2Fv2%2Fmedia&parent=28038"}],"wp:term":[{"taxonomy":"category","embeddable":true,"href":"https:\/\/encuentroinformativo.com.mx\/index.php?rest_route=%2Fwp%2Fv2%2Fcategories&post=28038"},{"taxonomy":"post_tag","embeddable":true,"href":"https:\/\/encuentroinformativo.com.mx\/index.php?rest_route=%2Fwp%2Fv2%2Ftags&post=28038"}],"curies":[{"name":"wp","href":"https:\/\/api.w.org\/{rel}","templated":true}]}}