{"id":28044,"date":"2022-06-02T17:13:45","date_gmt":"2022-06-02T22:13:45","guid":{"rendered":"https:\/\/encuentroinformativo.com.mx\/?p=28044"},"modified":"2022-06-02T17:13:49","modified_gmt":"2022-06-02T22:13:49","slug":"elige-congreso-al-ganador-de-la-medalla-al-merito-ambiental","status":"publish","type":"post","link":"https:\/\/encuentroinformativo.com.mx\/?p=28044","title":{"rendered":"Elige Congreso al ganador de la medalla al m\u00e9rito ambiental"},"content":{"rendered":"\n<p><strong>*Por sus acciones y m\u00e9ritos en la defensa y mejora del medio ambiente, el ciudadano Manuel Guevara Huerta recibir\u00e1 la presea que otorga anualmente este Poder.<\/strong><\/p>\n\n\n\n<p>Xalapa, Ver.- El Pleno de la LXVI Legislatura eligi\u00f3 al ciudadano Manuel Guevara Huerta para otorgarle la Medalla al M\u00e9rito por la Defensa y Mejora del Medio Ambiente, propuesto en una terna de candidatos mediante un Dictamen con Proyecto de Acuerdo emitido por la Comisi\u00f3n Permanente de Medio Ambiente, Recursos Naturales y Cambio Clim\u00e1tico.<\/p>\n\n\n\n<p>Dicho dictamen, suscrito por el diputado Paul Mart\u00ednez Marie y por las diputadas Nora J\u00e9ssica Lagunes J\u00e1uregui y Gisela L\u00f3pez L\u00f3pez, presidente, secretaria y vocal, respectivamente, de dicha instancia dictaminadora, contiene los nombres de las 12 personas inscritas para participar en la entrega de dicha presea, de las cuales, fue propuesta de la terna.<\/p>\n\n\n\n<p>Dicha terna qued\u00f3 compuesta por la ciudadana Alejandra Contreras Casso L\u00f3pez y por los ciudadanos V\u00edctor Manuel de Jes\u00fas Leyva Negrete y Manuel Guevara Huerta, quien result\u00f3 elegido con 34 votos de las y los legisladores que participaron en la Cuarta Sesi\u00f3n Ordinaria del Segundo Periodo Ordinario del Primer A\u00f1o de Ejercicio Constitucional.<\/p>\n\n\n\n<p>El Cap\u00edtulo Noveno de la Ley N\u00famero 29 de Premios del Estado de Veracruz de Ignacio de la Llave, en su art\u00edculo 23 Quindecies, establece que \u201cEsta medalla la conceder\u00e1 el Congreso del Estado anualmente, ser\u00e1 entregada a Persona F\u00edsica, Persona Moral o Municipio, que se distinga y haya contribuido por sus acciones y m\u00e9ritos en la defensa y mejora del medio ambiente\u201d.<\/p>\n\n\n\n<p>De acuerdo con el Art\u00edculo 23 Septendecies de la misma ley, la Medalla ser\u00e1 entregada cada a\u00f1o en sesi\u00f3n solemne del Congreso del Estado a celebrarse el 5 de junio, con la presencia de los titulares de los poderes Ejecutivo y Judicial del estado. En dicho acto, se entregar\u00e1 al merecedor de la Medalla un diploma en el que se expresen las razones por las cuales se le confiere esta distinci\u00f3n.<\/p>\n","protected":false},"excerpt":{"rendered":"<p>*Por sus acciones y m\u00e9ritos en la defensa y mejora del medio ambiente, el ciudadano Manuel Guevara Huerta recibir\u00e1 la presea que otorga anualmente este Poder. Xalapa, Ver.- El Pleno de la LXVI Legislatura eligi\u00f3 al ciudadano Manuel Guevara Huerta para otorgarle la Medalla al M\u00e9rito por la Defensa y Mejora del Medio Ambiente, propuesto [&hellip;]<\/p>\n","protected":false},"author":1,"featured_media":28045,"comment_status":"open","ping_status":"open","sticky":false,"template":"","format":"standard","meta":{"_jetpack_memberships_contains_paid_content":false,"footnotes":""},"categories":[2],"tags":[],"class_list":["post-28044","post","type-post","status-publish","format-standard","has-post-thumbnail","hentry","category-estado"],"jetpack_featured_media_url":"https:\/\/encuentroinformativo.com.mx\/wp-content\/uploads\/2022\/06\/174169FD-342E-4B5E-8DC3-D23CBC013590.jpeg","jetpack_sharing_enabled":true,"jetpack_likes_enabled":true,"amp_enabled":true,"_links":{"self":[{"href":"https:\/\/encuentroinformativo.com.mx\/index.php?rest_route=\/wp\/v2\/posts\/28044","targetHints":{"allow":["GET"]}}],"collection":[{"href":"https:\/\/encuentroinformativo.com.mx\/index.php?rest_route=\/wp\/v2\/posts"}],"about":[{"href":"https:\/\/encuentroinformativo.com.mx\/index.php?rest_route=\/wp\/v2\/types\/post"}],"author":[{"embeddable":true,"href":"https:\/\/encuentroinformativo.com.mx\/index.php?rest_route=\/wp\/v2\/users\/1"}],"replies":[{"embeddable":true,"href":"https:\/\/encuentroinformativo.com.mx\/index.php?rest_route=%2Fwp%2Fv2%2Fcomments&post=28044"}],"version-history":[{"count":1,"href":"https:\/\/encuentroinformativo.com.mx\/index.php?rest_route=\/wp\/v2\/posts\/28044\/revisions"}],"predecessor-version":[{"id":28046,"href":"https:\/\/encuentroinformativo.com.mx\/index.php?rest_route=\/wp\/v2\/posts\/28044\/revisions\/28046"}],"wp:featuredmedia":[{"embeddable":true,"href":"https:\/\/encuentroinformativo.com.mx\/index.php?rest_route=\/wp\/v2\/media\/28045"}],"wp:attachment":[{"href":"https:\/\/encuentroinformativo.com.mx\/index.php?rest_route=%2Fwp%2Fv2%2Fmedia&parent=28044"}],"wp:term":[{"taxonomy":"category","embeddable":true,"href":"https:\/\/encuentroinformativo.com.mx\/index.php?rest_route=%2Fwp%2Fv2%2Fcategories&post=28044"},{"taxonomy":"post_tag","embeddable":true,"href":"https:\/\/encuentroinformativo.com.mx\/index.php?rest_route=%2Fwp%2Fv2%2Ftags&post=28044"}],"curies":[{"name":"wp","href":"https:\/\/api.w.org\/{rel}","templated":true}]}}