{"id":28057,"date":"2022-06-03T11:15:18","date_gmt":"2022-06-03T16:15:18","guid":{"rendered":"https:\/\/encuentroinformativo.com.mx\/?p=28057"},"modified":"2022-06-03T11:15:22","modified_gmt":"2022-06-03T16:15:22","slug":"medellin-contara-con-clinica-de-la-cruz-roja","status":"publish","type":"post","link":"https:\/\/encuentroinformativo.com.mx\/?p=28057","title":{"rendered":"Medell\u00edn contar\u00e1 con cl\u00ednica de la Cruz Roja"},"content":{"rendered":"\n<p><strong>Alejandro \u00c1vila<\/strong><\/p>\n\n\n\n<p>Medell\u00edn de Bravo, Ver.- El alcalde, Marcos Isle\u00f1o Andrade confirm\u00f3 que, finalmente se tendr\u00e1 una cl\u00ednica de la Cruz Roja en el municipio, la cual se pretende se instale a un costado del gimnasio de box en el fraccionamiento Puente Moreno.<\/p>\n\n\n\n<p>El edil reconoci\u00f3 que, esta fue una de las solicitudes m\u00e1s encarecida durante su campa\u00f1a pol\u00edtica, y ahora, con el apoyo del nuevo delegado estatal de la Cruz Roja, Osvaldo Ficachi Figueroa, finalmente se llevar\u00e1 a cabo.<\/p>\n\n\n\n<p>\u201cAgradezco en gran manera el apoyo que la Cruz Roja ha brindado a las necesidades que ha enfrentado el municipio de Medell\u00edn, pero no basta, pues Medell\u00edn es un municipio en creciente desarrollo y es por eso que haremos la primera cl\u00ednica con presupuesto municipal, la cual tambi\u00e9n ser\u00e1 dotada con todo para su operaci\u00f3n. Es una demanda muy sentida de la gente que haremos realidad\u201d, coment\u00f3.<\/p>\n\n\n\n<p>Isle\u00f1o Andrade aclar\u00f3 que, el inicio de la obra ser\u00e1 en 2023, por lo que el presupuesto para la misma, ser\u00e1 contemplado en el siguiente Plan General de Inversi\u00f3n.<\/p>\n\n\n\n<p>De esta manera se busca reducir el tiempo en traslados tras accidentes o enfermedades de atenci\u00f3n inmediata, que podr\u00edan salvar la vida de miles de medellinenses.<\/p>\n","protected":false},"excerpt":{"rendered":"<p>Alejandro \u00c1vila Medell\u00edn de Bravo, Ver.- El alcalde, Marcos Isle\u00f1o Andrade confirm\u00f3 que, finalmente se tendr\u00e1 una cl\u00ednica de la Cruz Roja en el municipio, la cual se pretende se instale a un costado del gimnasio de box en el fraccionamiento Puente Moreno. El edil reconoci\u00f3 que, esta fue una de las solicitudes m\u00e1s encarecida [&hellip;]<\/p>\n","protected":false},"author":1,"featured_media":28058,"comment_status":"open","ping_status":"open","sticky":false,"template":"","format":"standard","meta":{"_jetpack_memberships_contains_paid_content":false,"footnotes":""},"categories":[2],"tags":[],"class_list":["post-28057","post","type-post","status-publish","format-standard","has-post-thumbnail","hentry","category-estado"],"jetpack_featured_media_url":"https:\/\/encuentroinformativo.com.mx\/wp-content\/uploads\/2022\/06\/8238F351-8507-4FC1-9F0C-1592BD24BA78.jpeg","jetpack_sharing_enabled":true,"jetpack_likes_enabled":true,"amp_enabled":true,"_links":{"self":[{"href":"https:\/\/encuentroinformativo.com.mx\/index.php?rest_route=\/wp\/v2\/posts\/28057","targetHints":{"allow":["GET"]}}],"collection":[{"href":"https:\/\/encuentroinformativo.com.mx\/index.php?rest_route=\/wp\/v2\/posts"}],"about":[{"href":"https:\/\/encuentroinformativo.com.mx\/index.php?rest_route=\/wp\/v2\/types\/post"}],"author":[{"embeddable":true,"href":"https:\/\/encuentroinformativo.com.mx\/index.php?rest_route=\/wp\/v2\/users\/1"}],"replies":[{"embeddable":true,"href":"https:\/\/encuentroinformativo.com.mx\/index.php?rest_route=%2Fwp%2Fv2%2Fcomments&post=28057"}],"version-history":[{"count":1,"href":"https:\/\/encuentroinformativo.com.mx\/index.php?rest_route=\/wp\/v2\/posts\/28057\/revisions"}],"predecessor-version":[{"id":28059,"href":"https:\/\/encuentroinformativo.com.mx\/index.php?rest_route=\/wp\/v2\/posts\/28057\/revisions\/28059"}],"wp:featuredmedia":[{"embeddable":true,"href":"https:\/\/encuentroinformativo.com.mx\/index.php?rest_route=\/wp\/v2\/media\/28058"}],"wp:attachment":[{"href":"https:\/\/encuentroinformativo.com.mx\/index.php?rest_route=%2Fwp%2Fv2%2Fmedia&parent=28057"}],"wp:term":[{"taxonomy":"category","embeddable":true,"href":"https:\/\/encuentroinformativo.com.mx\/index.php?rest_route=%2Fwp%2Fv2%2Fcategories&post=28057"},{"taxonomy":"post_tag","embeddable":true,"href":"https:\/\/encuentroinformativo.com.mx\/index.php?rest_route=%2Fwp%2Fv2%2Ftags&post=28057"}],"curies":[{"name":"wp","href":"https:\/\/api.w.org\/{rel}","templated":true}]}}