{"id":28060,"date":"2022-06-03T11:38:54","date_gmt":"2022-06-03T16:38:54","guid":{"rendered":"https:\/\/encuentroinformativo.com.mx\/?p=28060"},"modified":"2022-06-03T11:38:58","modified_gmt":"2022-06-03T16:38:58","slug":"todo-un-exito-el-inicio-del-salsa-fest-2022-alcalde-unanue","status":"publish","type":"post","link":"https:\/\/encuentroinformativo.com.mx\/?p=28060","title":{"rendered":"Todo un \u00e9xito el inicio del Salsa Fest 2022: Alcalde Un\u00e1nue"},"content":{"rendered":"\n<p><strong>*<em>Se espera una derrama econ\u00f3mica de 350 millones de pesos<\/em>.<\/strong><\/p>\n\n\n\n<p>Boca del R\u00edo, Ver.- Tras dos a\u00f1os de estar en pausa por la pandemia a causa del Covid-19, la alegr\u00eda y el sabor regres\u00f3 de la mano del Salsa Fest 2022 a Boca del R\u00edo.<\/p>\n\n\n\n<p>\u201cVemos un Vicente Fox lleno y eso significa derrama y reactivaci\u00f3n econ\u00f3mica, generaci\u00f3n de empleo, bienestar y felicidad para la gente\u201d, dijo la primera autoridad boque\u00f1a.<\/p>\n\n\n\n<p>Miles de boque\u00f1os y visitantes se dieron cita para disfrutar de los m\u00e1ximos exponentes del genero de la Salsa, en el majestuoso \u201csals\u00f3dromo\u201d ubicado en el bulevar Vicente Fox.<\/p>\n\n\n\n<p>\u201cHay mucha gente contenta, que despu\u00e9s de tantos meses que no se lograra el festival y hoy es una realidad\u201d, adem\u00e1s en plena coordinaci\u00f3n con el Gobierno del Estado.<\/p>\n\n\n\n<p>El Alcalde de Boca del R\u00edo, Juan Manuel Un\u00e1nue Abascal, se dijo contento por el retorno de la m\u00e1xima fiesta de la m\u00fasica salsa en M\u00e9xico, que no solo trae diversi\u00f3n al municipio, sino tambi\u00e9n un alivio para la econom\u00eda de la ciudad, de los diferentes sectores, pero principalmente para los ciudadanos.<\/p>\n\n\n\n<p>\u201cAnticipo que ser\u00e1n tres d\u00edas exitosos, donde los boque\u00f1os, veracruzanos y todos los que nos est\u00e1n ya visitando, se divertir\u00e1n y disfrutar\u00e1n, gracias a un gran operativo de seguridad, somos facilitadores para que este tipo de eventos lleguen a la ciudad y con ello seguir impulsando a Boca del R\u00edo como lo mejor de Veracruz\u201d, enfatiz\u00f3 Un\u00e1nue Abascal.<\/p>\n\n\n\n<p>El Festival de la Salsa se llevar\u00e1 a cabo del 2 al 4 de junio, siendo un evento internacional totalmente gratuito.<\/p>\n\n\n\n<p>Durante la primera fecha, el elenco estuvo a cargo de la India, N\u00b4Klabe y Los Van Van, a quienes el Presidente Municipal entreg\u00f3 reconocimientos por su participaci\u00f3n, adem\u00e1s de darles la bienvenida a la capital de la salsa, Boca del R\u00edo.<\/p>\n\n\n\n<p>Miles de voces al un\u00edsono corearon los grandes \u00e9xitos de la cantante puertorrique\u00f1a La India (Linda Bell Viera Caballero), tanto sus cl\u00e1sicos, como sus temas actuales.<\/p>\n\n\n\n<p>Siendo el roman\u00edsimo la carta fuerte de la noche por parte de la princesa de la salsa.<\/p>\n\n\n\n<p>Ganadores del Grammy, Los Van Van, llenaron de ritmo y sabor a Boca del R\u00edo, poseedores de la herencia cubana y la esencia del caribe, pusieron a bailar a los miles con \u201cmucho sabor\u201d.<\/p>\n\n\n\n<p>N&#8217;Klabe, represent\u00f3 a la nueva generaci\u00f3n de los exponentes, con temas como \u201cI love salsa\u201d; H\u00e9ctor Torres, F\u00e9lix Javier Torres y Ricky Luis, quienes, adem\u00e1s, presentaron su nuevo material de nombre \u201cRegreso al amor\u201d.<\/p>\n\n\n\n<p>Para este viernes, se dar\u00e1 la bienvenida a Tito Nieves, Jerry Rivera y Sonora Carrusel. Mientras que el s\u00e1bado 4 de junio, se presentar\u00e1n Oscar D\u00b4Le\u00f3n, V\u00edctor Manuelle y Diego Mor\u00e1n, quienes se encargar\u00e1n de cerrar el hist\u00f3rico regreso del Salsa Fest a Boca del R\u00edo.<\/p>\n\n\n\n<p>Cabe destacar, que, desde temprana hora, elementos de la Polic\u00eda Municipal, Protecci\u00f3n Civil, Tr\u00e1nsito Municipal, Gobernaci\u00f3n y Comercio, participaron en el operativo conjunto, para resguardar la integridad de los presentes, bajo las ordenes del Alcalde Juan Manuel Un\u00e1nue Abascal.<\/p>\n","protected":false},"excerpt":{"rendered":"<p>*Se espera una derrama econ\u00f3mica de 350 millones de pesos. Boca del R\u00edo, Ver.- Tras dos a\u00f1os de estar en pausa por la pandemia a causa del Covid-19, la alegr\u00eda y el sabor regres\u00f3 de la mano del Salsa Fest 2022 a Boca del R\u00edo. \u201cVemos un Vicente Fox lleno y eso significa derrama y [&hellip;]<\/p>\n","protected":false},"author":1,"featured_media":28061,"comment_status":"open","ping_status":"open","sticky":false,"template":"","format":"standard","meta":{"_jetpack_memberships_contains_paid_content":false,"footnotes":""},"categories":[2],"tags":[],"class_list":["post-28060","post","type-post","status-publish","format-standard","has-post-thumbnail","hentry","category-estado"],"jetpack_featured_media_url":"https:\/\/encuentroinformativo.com.mx\/wp-content\/uploads\/2022\/06\/DCD7C15D-9FC1-452A-8FEF-3C622F972B86.jpeg","jetpack_sharing_enabled":true,"jetpack_likes_enabled":true,"amp_enabled":true,"_links":{"self":[{"href":"https:\/\/encuentroinformativo.com.mx\/index.php?rest_route=\/wp\/v2\/posts\/28060","targetHints":{"allow":["GET"]}}],"collection":[{"href":"https:\/\/encuentroinformativo.com.mx\/index.php?rest_route=\/wp\/v2\/posts"}],"about":[{"href":"https:\/\/encuentroinformativo.com.mx\/index.php?rest_route=\/wp\/v2\/types\/post"}],"author":[{"embeddable":true,"href":"https:\/\/encuentroinformativo.com.mx\/index.php?rest_route=\/wp\/v2\/users\/1"}],"replies":[{"embeddable":true,"href":"https:\/\/encuentroinformativo.com.mx\/index.php?rest_route=%2Fwp%2Fv2%2Fcomments&post=28060"}],"version-history":[{"count":1,"href":"https:\/\/encuentroinformativo.com.mx\/index.php?rest_route=\/wp\/v2\/posts\/28060\/revisions"}],"predecessor-version":[{"id":28062,"href":"https:\/\/encuentroinformativo.com.mx\/index.php?rest_route=\/wp\/v2\/posts\/28060\/revisions\/28062"}],"wp:featuredmedia":[{"embeddable":true,"href":"https:\/\/encuentroinformativo.com.mx\/index.php?rest_route=\/wp\/v2\/media\/28061"}],"wp:attachment":[{"href":"https:\/\/encuentroinformativo.com.mx\/index.php?rest_route=%2Fwp%2Fv2%2Fmedia&parent=28060"}],"wp:term":[{"taxonomy":"category","embeddable":true,"href":"https:\/\/encuentroinformativo.com.mx\/index.php?rest_route=%2Fwp%2Fv2%2Fcategories&post=28060"},{"taxonomy":"post_tag","embeddable":true,"href":"https:\/\/encuentroinformativo.com.mx\/index.php?rest_route=%2Fwp%2Fv2%2Ftags&post=28060"}],"curies":[{"name":"wp","href":"https:\/\/api.w.org\/{rel}","templated":true}]}}