{"id":28063,"date":"2022-06-03T13:54:16","date_gmt":"2022-06-03T18:54:16","guid":{"rendered":"https:\/\/encuentroinformativo.com.mx\/?p=28063"},"modified":"2022-06-03T13:54:19","modified_gmt":"2022-06-03T18:54:19","slug":"padres-de-viridiana-rechazan-version-de-fiscalia","status":"publish","type":"post","link":"https:\/\/encuentroinformativo.com.mx\/?p=28063","title":{"rendered":"Padres de Viridiana rechazan versi\u00f3n de Fiscal\u00eda"},"content":{"rendered":"\n<p><strong>Juan Arcos <\/strong><\/p>\n\n\n\n<p>Xalapa, Ver.- Los padres de Viridiana Moreno V\u00e1squez rechazaron rotundamente la versi\u00f3n de la Fiscal\u00eda General del Estado (FGE) sobre el esclarecimiento de la desaparici\u00f3n de esta joven que fue citada a una entrevista de trabajo en un hotel de Cardel, municipio de La Antigua, el pasado 18 de mayo.<\/p>\n\n\n\n<p>En conferencia de prensa, realizada en esta ciudad de Xalapa, Aurora V\u00e1squez Rosales y Enrique Moreno Marini consideraron que autoridades estatales est\u00e1n \u201cmintiendo\u201d en el caso, pues, a su juicio, los restos humanos hallados en el poblado Chachalacas, municipio de \u00darsulo Galv\u00e1n, no son los de su hija.<\/p>\n\n\n\n<p>En ese sentido, indicaron que no aceptar\u00e1n el cuerpo que les entrega personal de la Fiscal\u00eda de Veracruz y que continuar\u00e1n las labores de b\u00fasqueda en la zona de los municipios de La Antigua y \u00darsulo Galv\u00e1n.<\/p>\n\n\n\n<p>\u201cEllos nos mienten con lo que dicen. Mi coraz\u00f3n de madre me dice que lo que ellos nos est\u00e1n entregando no es lo hija\u201d, enfatiz\u00f3 Aurora V\u00e1squez.<\/p>\n\n\n\n<p>De acuerdo con la madre de Viridiana, la joven tiene un tatuaje en el brazo con el nombre de su hijo y un coraz\u00f3n, sino como diversas cicatrices en diversas partes que no aparecen en el cuerpo presentado.<\/p>\n\n\n\n<p>\u201cElla tiene una cicatriz de ces\u00e1rea, y el cuerpo que nos mostraron no la ten\u00eda nada. Ella tiene una cicatriz vieja en el hombro, de una vacuna; tampoco estaba esa parte del cuerpo. Ella tiene una cicatriz, en la nuca; nos dieron una cabeza que no tiene esa parte. Dijeron que sacaron muestras de unos brackets que ella usaba; pero ella los dej\u00f3de usar desde hace m\u00e1s de tres a\u00f1os\u201d, expres\u00f3.<\/p>\n\n\n\n<p>Por su parte, el abogado de la familia, Tom\u00e1s Mundo Arriasa, indic\u00f3 que se realizar\u00e1 un \u201cmetaperitaje\u201d y se practicar\u00e1 una prueba en un laboratorio externo de la Ciudad de M\u00e9xico, lo que ser\u00e1 costeado por los padres mediante donaciones del pueblo de Tlaltetela, de donde son originarios.<\/p>\n\n\n\n<p>Tambi\u00e9n se solicitar\u00e1 una prueba de antropolog\u00eda forense, para determinar si esos restos son los de Viridiana.<\/p>\n\n\n\n<p>\u201cEn virtud de que, seg\u00fan la Fiscal\u00eda, se trata de un asesino serial, se pedir\u00e1 queobren en la Carpeta de Investigaci\u00f3n las pruebas cient\u00edficas a las que hizo referencia la titular de la Fiscal\u00eda, para acreditar la Neurobiolog\u00eda del Asesino. Estas pruebas deben incluir Resonancia Magn\u00e9tica o Tomograf\u00eda computarizada, que evidencie alteraciones estructurales, acompa\u00f1adas de una evaluaci\u00f3n neuropsicol\u00f3gica\u201d, se\u00f1al\u00f3.<\/p>\n\n\n\n<p>Cabe recordar que un juez de control dict\u00f3 un a\u00f1o de prisi\u00f3n preventiva oficiosa contra Greek \u201cN\u201d, presunto feminicida de Viridiana Moreno V\u00e1squez.<\/p>\n\n\n\n<p>De acuerdo con informaci\u00f3n de la Fiscal\u00eda, su pareja sentimental Adamari \u201cN\u201d tambi\u00e9n particip\u00f3 en el crimen y fue vinculada a proceso.<\/p>\n\n\n\n<p>Greek \u201cN\u201d es se\u00f1alado de haber cometido m\u00e1s feminicidios en los estados de Morelos, Quer\u00e9taro y Puebla; sin embargo, los padres de Viridiana creen que no es el feminicida de Viridiana.<\/p>\n","protected":false},"excerpt":{"rendered":"<p>Juan Arcos Xalapa, Ver.- Los padres de Viridiana Moreno V\u00e1squez rechazaron rotundamente la versi\u00f3n de la Fiscal\u00eda General del Estado (FGE) sobre el esclarecimiento de la desaparici\u00f3n de esta joven que fue citada a una entrevista de trabajo en un hotel de Cardel, municipio de La Antigua, el pasado 18 de mayo. En conferencia de [&hellip;]<\/p>\n","protected":false},"author":1,"featured_media":28064,"comment_status":"open","ping_status":"open","sticky":false,"template":"","format":"standard","meta":{"_jetpack_memberships_contains_paid_content":false,"footnotes":""},"categories":[8],"tags":[],"class_list":["post-28063","post","type-post","status-publish","format-standard","has-post-thumbnail","hentry","category-region"],"jetpack_featured_media_url":"https:\/\/encuentroinformativo.com.mx\/wp-content\/uploads\/2022\/06\/9DD519C9-44FF-4DD4-8F6B-43B24A527819.jpeg","jetpack_sharing_enabled":true,"jetpack_likes_enabled":true,"amp_enabled":true,"_links":{"self":[{"href":"https:\/\/encuentroinformativo.com.mx\/index.php?rest_route=\/wp\/v2\/posts\/28063","targetHints":{"allow":["GET"]}}],"collection":[{"href":"https:\/\/encuentroinformativo.com.mx\/index.php?rest_route=\/wp\/v2\/posts"}],"about":[{"href":"https:\/\/encuentroinformativo.com.mx\/index.php?rest_route=\/wp\/v2\/types\/post"}],"author":[{"embeddable":true,"href":"https:\/\/encuentroinformativo.com.mx\/index.php?rest_route=\/wp\/v2\/users\/1"}],"replies":[{"embeddable":true,"href":"https:\/\/encuentroinformativo.com.mx\/index.php?rest_route=%2Fwp%2Fv2%2Fcomments&post=28063"}],"version-history":[{"count":1,"href":"https:\/\/encuentroinformativo.com.mx\/index.php?rest_route=\/wp\/v2\/posts\/28063\/revisions"}],"predecessor-version":[{"id":28065,"href":"https:\/\/encuentroinformativo.com.mx\/index.php?rest_route=\/wp\/v2\/posts\/28063\/revisions\/28065"}],"wp:featuredmedia":[{"embeddable":true,"href":"https:\/\/encuentroinformativo.com.mx\/index.php?rest_route=\/wp\/v2\/media\/28064"}],"wp:attachment":[{"href":"https:\/\/encuentroinformativo.com.mx\/index.php?rest_route=%2Fwp%2Fv2%2Fmedia&parent=28063"}],"wp:term":[{"taxonomy":"category","embeddable":true,"href":"https:\/\/encuentroinformativo.com.mx\/index.php?rest_route=%2Fwp%2Fv2%2Fcategories&post=28063"},{"taxonomy":"post_tag","embeddable":true,"href":"https:\/\/encuentroinformativo.com.mx\/index.php?rest_route=%2Fwp%2Fv2%2Ftags&post=28063"}],"curies":[{"name":"wp","href":"https:\/\/api.w.org\/{rel}","templated":true}]}}