{"id":28066,"date":"2022-06-03T15:31:03","date_gmt":"2022-06-03T20:31:03","guid":{"rendered":"https:\/\/encuentroinformativo.com.mx\/?p=28066"},"modified":"2022-06-03T15:31:07","modified_gmt":"2022-06-03T20:31:07","slug":"seguiremos-buscando-a-viridiana-familiares","status":"publish","type":"post","link":"https:\/\/encuentroinformativo.com.mx\/?p=28066","title":{"rendered":"Seguiremos buscando a Viridiana: Familiares"},"content":{"rendered":"\n<p><strong>Dar\u00edo Pale <\/strong><\/p>\n\n\n\n<p>Xalapa, Ver.- Familiares y amigos de Viridiana Moreno, marcharon por las calles del centro de la capital del estado y se manifestaron en la plaza Lerdo para exigir justicia y advirtieron continuar\u00e1n busc\u00e1ndola.<\/p>\n\n\n\n<p>En entrevista se\u00f1or Enrique Moreno Marini, padre de Viridiana Moreno V\u00e1squez, desaparecida el 18 de mayo pasado en Cardel se\u00f1al\u00f3 que, &#8220;es un hecho que seguiremos buscando hasta encontrar en realidad a mi hija&#8221;.<\/p>\n\n\n\n<p>Luego de marchar por algunas calles de Xalapa y llegar a la plaza Lerdo, dijo que no tienen lugares espec\u00edficos d\u00f3nde continuar la b\u00fasqueda todav\u00eda.<\/p>\n\n\n\n<p>Aclar\u00f3 que hasta ahora s\u00f3lo se han dedicado a acompa\u00f1ar a la Fiscal\u00eda General del Estado en los sitios donde ellos han buscado, pero no de forma independiente.<\/p>\n\n\n\n<p>&#8220;Eso esperamos y si el pueblo me apoya seguiremos adelante&#8221;, agreg\u00f3 y mencion\u00f3 que para conocer la carpeta de investigaci\u00f3n se presentar\u00e1 su representante legal.<\/p>\n\n\n\n<p>El se\u00f1or Moreno Marini escribi\u00f3 en la plaza Lerdo: &#8220;Mija Viridiana te amo y te seguir\u00e9 buscando hasta encontrarte porque te necesitamos, tu pap\u00e1&#8221;.<\/p>\n\n\n\n<p>Finalmente de la misma manera, su madre, la se\u00f1ora Aurora V\u00e1squez Rosales escribi\u00f3 un mensaje y luego invit\u00f3 a todos los presentes a que se tomaran de las manos para formar un c\u00edrculo y rezar el padre nuestro.<\/p>\n\n\n\n<figure class=\"wp-block-image size-large\"><img loading=\"lazy\" decoding=\"async\" width=\"1024\" height=\"683\" src=\"https:\/\/encuentroinformativo.com.mx\/wp-content\/uploads\/2022\/06\/938792B5-5A22-42F1-9EE6-132D23F66BD0-1024x683.jpeg\" alt=\"\" class=\"wp-image-28068\" srcset=\"https:\/\/encuentroinformativo.com.mx\/wp-content\/uploads\/2022\/06\/938792B5-5A22-42F1-9EE6-132D23F66BD0-1024x683.jpeg 1024w, https:\/\/encuentroinformativo.com.mx\/wp-content\/uploads\/2022\/06\/938792B5-5A22-42F1-9EE6-132D23F66BD0-300x200.jpeg 300w, https:\/\/encuentroinformativo.com.mx\/wp-content\/uploads\/2022\/06\/938792B5-5A22-42F1-9EE6-132D23F66BD0-768x512.jpeg 768w, https:\/\/encuentroinformativo.com.mx\/wp-content\/uploads\/2022\/06\/938792B5-5A22-42F1-9EE6-132D23F66BD0.jpeg 1488w\" sizes=\"auto, (max-width: 1024px) 100vw, 1024px\" \/><\/figure>\n\n\n\n<figure class=\"wp-block-image size-large\"><img loading=\"lazy\" decoding=\"async\" width=\"1024\" height=\"683\" src=\"https:\/\/encuentroinformativo.com.mx\/wp-content\/uploads\/2022\/06\/590D0D3A-A515-48EC-8582-F38DF02414EB-1024x683.jpeg\" alt=\"\" class=\"wp-image-28069\" srcset=\"https:\/\/encuentroinformativo.com.mx\/wp-content\/uploads\/2022\/06\/590D0D3A-A515-48EC-8582-F38DF02414EB-1024x683.jpeg 1024w, https:\/\/encuentroinformativo.com.mx\/wp-content\/uploads\/2022\/06\/590D0D3A-A515-48EC-8582-F38DF02414EB-300x200.jpeg 300w, https:\/\/encuentroinformativo.com.mx\/wp-content\/uploads\/2022\/06\/590D0D3A-A515-48EC-8582-F38DF02414EB-768x512.jpeg 768w, https:\/\/encuentroinformativo.com.mx\/wp-content\/uploads\/2022\/06\/590D0D3A-A515-48EC-8582-F38DF02414EB.jpeg 1488w\" sizes=\"auto, (max-width: 1024px) 100vw, 1024px\" \/><\/figure>\n","protected":false},"excerpt":{"rendered":"<p>Dar\u00edo Pale Xalapa, Ver.- Familiares y amigos de Viridiana Moreno, marcharon por las calles del centro de la capital del estado y se manifestaron en la plaza Lerdo para exigir justicia y advirtieron continuar\u00e1n busc\u00e1ndola. En entrevista se\u00f1or Enrique Moreno Marini, padre de Viridiana Moreno V\u00e1squez, desaparecida el 18 de mayo pasado en Cardel se\u00f1al\u00f3 [&hellip;]<\/p>\n","protected":false},"author":1,"featured_media":28067,"comment_status":"open","ping_status":"open","sticky":false,"template":"","format":"standard","meta":{"_jetpack_memberships_contains_paid_content":false,"footnotes":""},"categories":[3],"tags":[],"class_list":["post-28066","post","type-post","status-publish","format-standard","has-post-thumbnail","hentry","category-xalapa"],"jetpack_featured_media_url":"https:\/\/encuentroinformativo.com.mx\/wp-content\/uploads\/2022\/06\/766E7B89-9041-445B-8BA3-41FC59CC72F7.jpeg","jetpack_sharing_enabled":true,"jetpack_likes_enabled":true,"amp_enabled":true,"_links":{"self":[{"href":"https:\/\/encuentroinformativo.com.mx\/index.php?rest_route=\/wp\/v2\/posts\/28066","targetHints":{"allow":["GET"]}}],"collection":[{"href":"https:\/\/encuentroinformativo.com.mx\/index.php?rest_route=\/wp\/v2\/posts"}],"about":[{"href":"https:\/\/encuentroinformativo.com.mx\/index.php?rest_route=\/wp\/v2\/types\/post"}],"author":[{"embeddable":true,"href":"https:\/\/encuentroinformativo.com.mx\/index.php?rest_route=\/wp\/v2\/users\/1"}],"replies":[{"embeddable":true,"href":"https:\/\/encuentroinformativo.com.mx\/index.php?rest_route=%2Fwp%2Fv2%2Fcomments&post=28066"}],"version-history":[{"count":1,"href":"https:\/\/encuentroinformativo.com.mx\/index.php?rest_route=\/wp\/v2\/posts\/28066\/revisions"}],"predecessor-version":[{"id":28070,"href":"https:\/\/encuentroinformativo.com.mx\/index.php?rest_route=\/wp\/v2\/posts\/28066\/revisions\/28070"}],"wp:featuredmedia":[{"embeddable":true,"href":"https:\/\/encuentroinformativo.com.mx\/index.php?rest_route=\/wp\/v2\/media\/28067"}],"wp:attachment":[{"href":"https:\/\/encuentroinformativo.com.mx\/index.php?rest_route=%2Fwp%2Fv2%2Fmedia&parent=28066"}],"wp:term":[{"taxonomy":"category","embeddable":true,"href":"https:\/\/encuentroinformativo.com.mx\/index.php?rest_route=%2Fwp%2Fv2%2Fcategories&post=28066"},{"taxonomy":"post_tag","embeddable":true,"href":"https:\/\/encuentroinformativo.com.mx\/index.php?rest_route=%2Fwp%2Fv2%2Ftags&post=28066"}],"curies":[{"name":"wp","href":"https:\/\/api.w.org\/{rel}","templated":true}]}}