{"id":28074,"date":"2022-06-04T11:08:26","date_gmt":"2022-06-04T16:08:26","guid":{"rendered":"https:\/\/encuentroinformativo.com.mx\/?p=28074"},"modified":"2022-06-04T11:08:29","modified_gmt":"2022-06-04T16:08:29","slug":"piden-a-secretaria-de-la-funcion-publica-investigar-a-funcionarios-de-profeco","status":"publish","type":"post","link":"https:\/\/encuentroinformativo.com.mx\/?p=28074","title":{"rendered":"Piden a Secretar\u00eda de la Funci\u00f3n P\u00fablica investigar a funcionarios de PROFECO"},"content":{"rendered":"\n<p><strong>Alejandro \u00c1vila<\/strong><\/p>\n\n\n\n<p>Veracruz, Ver.- Los funcionarios de PROFECO que fueron se\u00f1alados de omitir empresas de reciente creaci\u00f3n en su declaraci\u00f3n patrimonial, deber\u00e1n ser investigados por la Secretar\u00eda de la Funci\u00f3n P\u00fablica, mencion\u00f3 el delegado Manuel Huerta Ladr\u00f3n de Guevara.<\/p>\n\n\n\n<p>Una investigaci\u00f3n de Mexicanos Contra la Corrupci\u00f3n, se\u00f1alan al director general de PROFECO, Francisco Ricardo Sheffield Padilla, de la creaci\u00f3n de dos empresas con el ex director regional de Veracruz, Bruno Rodrigo Fajardo S\u00e1nchez; y el ex director regional en Guanajuato, Armando Guzm\u00e1n Garc\u00eda; ambos funcionarios promovidos en mayo de este a\u00f1o, a puestos de mayor nivel.<\/p>\n\n\n\n<p>Espec\u00edficamente en Veracruz se menciona qu\u00e9, Sheffield y Fajardo crearon en octubre 2021 la empresa &#8220;Operadora Tur\u00edstica la Casa de las Sirenas S.A. de C.V&#8221;; con la cual a partir de julio del 2022 comenzar\u00e1n a dar el servicio de hospedaje, en el hotel &#8220;La Casa de las Sirenas&#8221;, ubicado en el municipio de Tlacotalpan.<\/p>\n\n\n\n<p>&#8220;El director de la Profeco y todos los que tienen esa se\u00f1alamiento, es la Secretar\u00eda de la Funci\u00f3n P\u00fablica la que tiene que investigar, deslindar. Tendr\u00e1n que ver si en el uso de su funci\u00f3n publica, tuvo beneficios para esto que lo acusan, de un hotel, de algo que compr\u00f3 en Tlacotalpan,&nbsp; no s\u00e9 que, si hizo una ventaja por su encargo o su cargo, para ese objetivo de comprar ese hotel, que entiendo s\u00ed se reconoce que lo tiene, ya habr\u00e1 una sanci\u00f3n que inclusive Funci\u00f3n P\u00fablica tendr\u00e1 que determinar. El otro tema es moral, habr\u00eda que revisar si los servidores p\u00fablicos tenemos tambi\u00e9n la capacidad de andar haciendo negocio junto al trabajo&#8221;, declar\u00f3 el delegado federal de Veracruz.<\/p>\n\n\n\n<p>Finalmente dijo que, como delegado Federal en Veracruz estar\u00e1 atento al tema que inmiscuye a los funcionarios de Profeco, pues record\u00f3 qu\u00e9, la administraci\u00f3n Federal por orden del presidente Andr\u00e9s Manuel L\u00f3pez Obrador, se encuentra en una Cruzada contra la Corrupci\u00f3n, y esta situaci\u00f3n que hoy se ventila a la luz p\u00fablica, es incongruente a lo solicitado por el Ejecutivo el&nbsp; Federal.<\/p>\n","protected":false},"excerpt":{"rendered":"<p>Alejandro \u00c1vila Veracruz, Ver.- Los funcionarios de PROFECO que fueron se\u00f1alados de omitir empresas de reciente creaci\u00f3n en su declaraci\u00f3n patrimonial, deber\u00e1n ser investigados por la Secretar\u00eda de la Funci\u00f3n P\u00fablica, mencion\u00f3 el delegado Manuel Huerta Ladr\u00f3n de Guevara. Una investigaci\u00f3n de Mexicanos Contra la Corrupci\u00f3n, se\u00f1alan al director general de PROFECO, Francisco Ricardo Sheffield [&hellip;]<\/p>\n","protected":false},"author":1,"featured_media":28075,"comment_status":"open","ping_status":"open","sticky":false,"template":"","format":"standard","meta":{"_jetpack_memberships_contains_paid_content":false,"footnotes":""},"categories":[2],"tags":[],"class_list":["post-28074","post","type-post","status-publish","format-standard","has-post-thumbnail","hentry","category-estado"],"jetpack_featured_media_url":"https:\/\/encuentroinformativo.com.mx\/wp-content\/uploads\/2022\/06\/CE718F43-A525-4126-BC5C-071E837AC224.jpeg","jetpack_sharing_enabled":true,"jetpack_likes_enabled":true,"amp_enabled":true,"_links":{"self":[{"href":"https:\/\/encuentroinformativo.com.mx\/index.php?rest_route=\/wp\/v2\/posts\/28074","targetHints":{"allow":["GET"]}}],"collection":[{"href":"https:\/\/encuentroinformativo.com.mx\/index.php?rest_route=\/wp\/v2\/posts"}],"about":[{"href":"https:\/\/encuentroinformativo.com.mx\/index.php?rest_route=\/wp\/v2\/types\/post"}],"author":[{"embeddable":true,"href":"https:\/\/encuentroinformativo.com.mx\/index.php?rest_route=\/wp\/v2\/users\/1"}],"replies":[{"embeddable":true,"href":"https:\/\/encuentroinformativo.com.mx\/index.php?rest_route=%2Fwp%2Fv2%2Fcomments&post=28074"}],"version-history":[{"count":1,"href":"https:\/\/encuentroinformativo.com.mx\/index.php?rest_route=\/wp\/v2\/posts\/28074\/revisions"}],"predecessor-version":[{"id":28076,"href":"https:\/\/encuentroinformativo.com.mx\/index.php?rest_route=\/wp\/v2\/posts\/28074\/revisions\/28076"}],"wp:featuredmedia":[{"embeddable":true,"href":"https:\/\/encuentroinformativo.com.mx\/index.php?rest_route=\/wp\/v2\/media\/28075"}],"wp:attachment":[{"href":"https:\/\/encuentroinformativo.com.mx\/index.php?rest_route=%2Fwp%2Fv2%2Fmedia&parent=28074"}],"wp:term":[{"taxonomy":"category","embeddable":true,"href":"https:\/\/encuentroinformativo.com.mx\/index.php?rest_route=%2Fwp%2Fv2%2Fcategories&post=28074"},{"taxonomy":"post_tag","embeddable":true,"href":"https:\/\/encuentroinformativo.com.mx\/index.php?rest_route=%2Fwp%2Fv2%2Ftags&post=28074"}],"curies":[{"name":"wp","href":"https:\/\/api.w.org\/{rel}","templated":true}]}}