{"id":28080,"date":"2022-06-04T11:17:32","date_gmt":"2022-06-04T16:17:32","guid":{"rendered":"https:\/\/encuentroinformativo.com.mx\/?p=28080"},"modified":"2022-06-04T11:17:36","modified_gmt":"2022-06-04T16:17:36","slug":"inmejorable-segunda-noche-del-salsa-fest-2022","status":"publish","type":"post","link":"https:\/\/encuentroinformativo.com.mx\/?p=28080","title":{"rendered":"\u00a1Inmejorable segunda noche del Salsa Fest 2022!"},"content":{"rendered":"\n<p>*<strong>Este s\u00e1bado el tercer y \u00faltimo d\u00eda de conciertos con \u00d3scar D\u2019Le\u00f3n, V\u00edctor Manuelle y Diego Mor\u00e1n.<\/strong><\/p>\n\n\n\n<p>Boca del R\u00edo, Ver.- Alegr\u00eda, ritmo, baile y romanticismo se vivi\u00f3 en la segunda fecha del Salsa Fest Boca del R\u00edo 2022, tras el rotundo \u00e9xito de la primera noche, que arroj\u00f3 un saldo blanco.<\/p>\n\n\n\n<p>Boca del R\u00edo, \u201cla capital de la Salsa\u201d en M\u00e9xico, que adem\u00e1s ser\u00e1 sede inamovible, nuevamente desde temprana hora, se observaron largas filas para disfrutar tres grandes conciertos.<\/p>\n\n\n\n<p>Mujeres y hombres de todas las edades, se dieron cita para bailar y corear los grandes \u00e9xitos que se presentaron la noche de este viernes a cargo de Tito Nieves, Jerry Rivera y la Sonora Carruseles.<\/p>\n\n\n\n<p>Gerardo Rivera Rodr\u00edguez, mejor conocido como Jerry Rivera, fue el primero en pisar el monumental escenario, recalcando su felicidad por llegar nuevamente a Boca del R\u00edo.<\/p>\n\n\n\n<p>Enamor\u00f3 a los miles de asistentes e inspir\u00f3 a muchos m\u00e1s, reconocido en todo el mundo, el \u201cBeb\u00e9 de la Salsa\u201d, hizo vibrar a los presentes con \u201cAmores como el nuestro\u201d, y es que la voz del \u201cCara de Ni\u00f1o\u201d de Puerto Rico, retumb\u00f3 por todo el sals\u00f3dromo.<\/p>\n\n\n\n<p>Cabe destacar, que el edil, Juan Manuel Un\u00e1nue Abascal, le entreg\u00f3 su reconocimiento, adem\u00e1s de representar el cari\u00f1o de todos los boque\u00f1os, recibi\u00e9ndolo con alegr\u00eda y agradeci\u00e9ndole a la autoridad sus atenciones.<\/p>\n\n\n\n<p>La espectacular noche continu\u00f3 con Tito Nieves y sus 40 a\u00f1os de trayectoria, toda una instituci\u00f3n en el mundo de la m\u00fasica en hispanoam\u00e9rica, quien engalan\u00f3 a la Capital de la Salsa y reconoci\u00f3 \u201cgracias al comit\u00e9 y al Alcalde por este Salsa Fest&#8221;.<\/p>\n\n\n\n<p>Para darle un toque especial, el cantante dijo que est\u00e1 por cumplir 63 a\u00f1os de edad y en respuesta, los boque\u00f1os y jarochos le cantaron las ma\u00f1anitas, \u201cTito, tito&#8221;, agradeciendo a los presentes, continuando con \u201cde qu\u00e9 manera te olvido\u201d.<\/p>\n\n\n\n<p>\u201cArranca En Fa\u201d, fue uno de los temas m\u00e1s esperados por los asistentes, \u201cprep\u00e1rense, mi gente, para gozar\u201d, contagi\u00f3 de alegr\u00eda los acordes de la Sonora Carruseles, agrupaci\u00f3n que naciera en Medell\u00edn Colombia.<\/p>\n\n\n\n<p>Dignos representantes de la Salsa colombiana, a quienes tambi\u00e9n la autoridad municipal les entreg\u00f3 un reconocimiento por su participaci\u00f3n.<\/p>\n\n\n\n<p>Gracias al operativo coordinado donde participan elementos del Ayuntamiento de Boca del R\u00edo, se mantuvo un estado de fiesta y orden, por lo que j\u00f3venes y grandes pudieron disfrutar en paz, a los grandes exponentes del g\u00e9nero latino.<\/p>\n\n\n\n<p>\u201cOtra vez tenemos el bulevar Vicente Fox lleno, por lo que invito a todos que vengan al mejor Festival de la Salsa y al mejor Sals\u00f3dromo del mundo, nos falta el s\u00e1bado que estaremos cerrando con broche de oro en Boca del R\u00edo, Lo mejor de Veracruz\u201d, se\u00f1al\u00f3 el alcalde boque\u00f1o.<\/p>\n\n\n\n<figure class=\"wp-block-image size-large\"><img loading=\"lazy\" decoding=\"async\" width=\"960\" height=\"640\" src=\"https:\/\/encuentroinformativo.com.mx\/wp-content\/uploads\/2022\/06\/A035338C-7CEC-472A-A40F-EA11F6655863.jpeg\" alt=\"\" class=\"wp-image-28082\" srcset=\"https:\/\/encuentroinformativo.com.mx\/wp-content\/uploads\/2022\/06\/A035338C-7CEC-472A-A40F-EA11F6655863.jpeg 960w, https:\/\/encuentroinformativo.com.mx\/wp-content\/uploads\/2022\/06\/A035338C-7CEC-472A-A40F-EA11F6655863-300x200.jpeg 300w, https:\/\/encuentroinformativo.com.mx\/wp-content\/uploads\/2022\/06\/A035338C-7CEC-472A-A40F-EA11F6655863-768x512.jpeg 768w\" sizes=\"auto, (max-width: 960px) 100vw, 960px\" \/><\/figure>\n","protected":false},"excerpt":{"rendered":"<p>*Este s\u00e1bado el tercer y \u00faltimo d\u00eda de conciertos con \u00d3scar D\u2019Le\u00f3n, V\u00edctor Manuelle y Diego Mor\u00e1n. Boca del R\u00edo, Ver.- Alegr\u00eda, ritmo, baile y romanticismo se vivi\u00f3 en la segunda fecha del Salsa Fest Boca del R\u00edo 2022, tras el rotundo \u00e9xito de la primera noche, que arroj\u00f3 un saldo blanco. Boca del R\u00edo, [&hellip;]<\/p>\n","protected":false},"author":1,"featured_media":28081,"comment_status":"open","ping_status":"open","sticky":false,"template":"","format":"standard","meta":{"_jetpack_memberships_contains_paid_content":false,"footnotes":""},"categories":[2],"tags":[],"class_list":["post-28080","post","type-post","status-publish","format-standard","has-post-thumbnail","hentry","category-estado"],"jetpack_featured_media_url":"https:\/\/encuentroinformativo.com.mx\/wp-content\/uploads\/2022\/06\/E0AC0F3F-5DEA-4B0C-AFC6-0A63748CFB3F.jpeg","jetpack_sharing_enabled":true,"jetpack_likes_enabled":true,"amp_enabled":true,"_links":{"self":[{"href":"https:\/\/encuentroinformativo.com.mx\/index.php?rest_route=\/wp\/v2\/posts\/28080","targetHints":{"allow":["GET"]}}],"collection":[{"href":"https:\/\/encuentroinformativo.com.mx\/index.php?rest_route=\/wp\/v2\/posts"}],"about":[{"href":"https:\/\/encuentroinformativo.com.mx\/index.php?rest_route=\/wp\/v2\/types\/post"}],"author":[{"embeddable":true,"href":"https:\/\/encuentroinformativo.com.mx\/index.php?rest_route=\/wp\/v2\/users\/1"}],"replies":[{"embeddable":true,"href":"https:\/\/encuentroinformativo.com.mx\/index.php?rest_route=%2Fwp%2Fv2%2Fcomments&post=28080"}],"version-history":[{"count":1,"href":"https:\/\/encuentroinformativo.com.mx\/index.php?rest_route=\/wp\/v2\/posts\/28080\/revisions"}],"predecessor-version":[{"id":28083,"href":"https:\/\/encuentroinformativo.com.mx\/index.php?rest_route=\/wp\/v2\/posts\/28080\/revisions\/28083"}],"wp:featuredmedia":[{"embeddable":true,"href":"https:\/\/encuentroinformativo.com.mx\/index.php?rest_route=\/wp\/v2\/media\/28081"}],"wp:attachment":[{"href":"https:\/\/encuentroinformativo.com.mx\/index.php?rest_route=%2Fwp%2Fv2%2Fmedia&parent=28080"}],"wp:term":[{"taxonomy":"category","embeddable":true,"href":"https:\/\/encuentroinformativo.com.mx\/index.php?rest_route=%2Fwp%2Fv2%2Fcategories&post=28080"},{"taxonomy":"post_tag","embeddable":true,"href":"https:\/\/encuentroinformativo.com.mx\/index.php?rest_route=%2Fwp%2Fv2%2Ftags&post=28080"}],"curies":[{"name":"wp","href":"https:\/\/api.w.org\/{rel}","templated":true}]}}