{"id":28084,"date":"2022-06-04T14:18:26","date_gmt":"2022-06-04T19:18:26","guid":{"rendered":"https:\/\/encuentroinformativo.com.mx\/?p=28084"},"modified":"2022-06-04T14:18:30","modified_gmt":"2022-06-04T19:18:30","slug":"necesario-reactivar-el-campo-solicitan-organizaciones","status":"publish","type":"post","link":"https:\/\/encuentroinformativo.com.mx\/?p=28084","title":{"rendered":"Necesario reactivar el campo, solicitan organizaciones"},"content":{"rendered":"\n<p><strong>Dar\u00edo Pale <\/strong><\/p>\n\n\n\n<p>Xalapa, Ver.- El sector Agrario ha sido golpeado terriblemente en la cuesti\u00f3n del presupuesto ya que el campo ha sido olvidado y los apoyos productivos para incentivar la producci\u00f3n y la comercializaci\u00f3n as\u00ed lo inform\u00f3 la secretaria general de la CIOAC-JDLD, Ver\u00f3nica Carrillo Ortega.<\/p>\n\n\n\n<p>En conferencia de prensa, la dirigente dio a conocer que, se ha integrado un pliego petitorio por parte de las convenciones estatales agrarias, para exponer los problemas agrarios y campesinos actuales y los que van a surgir, entre los que resaltan la falta de apoyos, de financiamiento, ya que los campesinos han sido golpeados terriblemente estos tres a\u00f1os.<\/p>\n\n\n\n<p>Carrillo Ortega se\u00f1al\u00f3 que, los resolutivos se entregar\u00e1n al presidente de M\u00e9xico, el 2023 se realizar\u00e1 la Convenci\u00f3n Nacional Agraria en la Ciudad de M\u00e9xico, actualmente el gobierno estatal que encabeza Cuitl\u00e1huac Garc\u00eda Jim\u00e9nez, no ha cumplido los compromisos que hizo con las organizaciones campesinas en la comunidad de Rinconada, cuando era candidato a la gubernatura.<\/p>\n\n\n\n<p>Dio a conocer que, el realizar dicha convenci\u00f3n, tenga que ver con tipos electorales, el gobierno nos debe de considerar, estamos haciendo encuentros con el Congreso federal y el Senado de la Rep\u00fablica, lo que se necesita es dinero y les estamos dando opciones, en donde se encuentra el dinero, como es la suspensi\u00f3n del pago de la deuda p\u00fablica, ah\u00ed est\u00e1 el dinero.<\/p>\n\n\n\n<p>Dijo que, &#8220;estamos proponiendo la reforma fiscal progresiva, para que paguen m\u00e1s los que tienen m\u00e1s dinero, que podr\u00eda ser otra fuente de financiamiento, las necesidades son muchas y los recursos son pocos. No estamos en contra de los proyectos federales que cuentan con recursos etiquetados, pero el campo no es tema de conversaci\u00f3n ni en sus informes, no est\u00e1 en la mesa&#8221;.<\/p>\n\n\n\n<p>&#8220;Lo que tratamos es que se retome el tema del campo y los campesinos en la mesa del gobierno, en la agenda legislativa, que se escuche el campo veracruzano, estamos inmersos en una crisis alimentaria terrible, como no se ha visto en muchos a\u00f1os. Los campesinos est\u00e1n preocupados, aparte de la crisis econ\u00f3mica, hay problemas ambientales, de sequ\u00eda, y no hay respuesta&#8221;, se\u00f1al\u00f3.<\/p>\n\n\n\n<p>Finalmente sostuvo que, en el programa de autoconsumo, est\u00e1 bien la estrategia, pero no solamente estamos buscando el autoconsumo, tenemos un problema ya que estamos importando m\u00e1s de lo que producimos, no se trata de autoconsumo, estamos buscando soberan\u00eda alimentaria y productividad.<\/p>\n","protected":false},"excerpt":{"rendered":"<p>Dar\u00edo Pale Xalapa, Ver.- El sector Agrario ha sido golpeado terriblemente en la cuesti\u00f3n del presupuesto ya que el campo ha sido olvidado y los apoyos productivos para incentivar la producci\u00f3n y la comercializaci\u00f3n as\u00ed lo inform\u00f3 la secretaria general de la CIOAC-JDLD, Ver\u00f3nica Carrillo Ortega. En conferencia de prensa, la dirigente dio a conocer [&hellip;]<\/p>\n","protected":false},"author":1,"featured_media":28085,"comment_status":"open","ping_status":"open","sticky":false,"template":"","format":"standard","meta":{"_jetpack_memberships_contains_paid_content":false,"footnotes":""},"categories":[3],"tags":[],"class_list":["post-28084","post","type-post","status-publish","format-standard","has-post-thumbnail","hentry","category-xalapa"],"jetpack_featured_media_url":"https:\/\/encuentroinformativo.com.mx\/wp-content\/uploads\/2022\/06\/A2A606A1-8305-4D02-851A-089690372F27.jpeg","jetpack_sharing_enabled":true,"jetpack_likes_enabled":true,"amp_enabled":true,"_links":{"self":[{"href":"https:\/\/encuentroinformativo.com.mx\/index.php?rest_route=\/wp\/v2\/posts\/28084","targetHints":{"allow":["GET"]}}],"collection":[{"href":"https:\/\/encuentroinformativo.com.mx\/index.php?rest_route=\/wp\/v2\/posts"}],"about":[{"href":"https:\/\/encuentroinformativo.com.mx\/index.php?rest_route=\/wp\/v2\/types\/post"}],"author":[{"embeddable":true,"href":"https:\/\/encuentroinformativo.com.mx\/index.php?rest_route=\/wp\/v2\/users\/1"}],"replies":[{"embeddable":true,"href":"https:\/\/encuentroinformativo.com.mx\/index.php?rest_route=%2Fwp%2Fv2%2Fcomments&post=28084"}],"version-history":[{"count":1,"href":"https:\/\/encuentroinformativo.com.mx\/index.php?rest_route=\/wp\/v2\/posts\/28084\/revisions"}],"predecessor-version":[{"id":28086,"href":"https:\/\/encuentroinformativo.com.mx\/index.php?rest_route=\/wp\/v2\/posts\/28084\/revisions\/28086"}],"wp:featuredmedia":[{"embeddable":true,"href":"https:\/\/encuentroinformativo.com.mx\/index.php?rest_route=\/wp\/v2\/media\/28085"}],"wp:attachment":[{"href":"https:\/\/encuentroinformativo.com.mx\/index.php?rest_route=%2Fwp%2Fv2%2Fmedia&parent=28084"}],"wp:term":[{"taxonomy":"category","embeddable":true,"href":"https:\/\/encuentroinformativo.com.mx\/index.php?rest_route=%2Fwp%2Fv2%2Fcategories&post=28084"},{"taxonomy":"post_tag","embeddable":true,"href":"https:\/\/encuentroinformativo.com.mx\/index.php?rest_route=%2Fwp%2Fv2%2Ftags&post=28084"}],"curies":[{"name":"wp","href":"https:\/\/api.w.org\/{rel}","templated":true}]}}