{"id":28099,"date":"2022-06-05T11:59:38","date_gmt":"2022-06-05T16:59:38","guid":{"rendered":"https:\/\/encuentroinformativo.com.mx\/?p=28099"},"modified":"2022-06-05T11:59:41","modified_gmt":"2022-06-05T16:59:41","slug":"inicia-campana-de-reforestacion-y-arborizacion-urbana-2022","status":"publish","type":"post","link":"https:\/\/encuentroinformativo.com.mx\/?p=28099","title":{"rendered":"Inicia campa\u00f1a de reforestaci\u00f3n y arborizaci\u00f3n urbana 2022"},"content":{"rendered":"\n<p><strong>*Forma parte de las actividades para conmemorar el D\u00eda Mundial del Medio Ambiente<\/strong>.<\/p>\n\n\n\n<p>Xalapa, Ver.- Con la meta de sembrar 7 mil \u00e1rboles en la zona urbana e igual cantidad en el \u00e1rea rural del municipio, este domingo el Ayuntamiento inici\u00f3 la campa\u00f1a de Reforestaci\u00f3n y Arborizaci\u00f3n Urbana 2022 en la zona del Distribuidor Vial Las Trancas, acto que fue encabezado por el presidente municipal Ricardo Ahued Bardahuil.<\/p>\n\n\n\n<p>El Alcalde refrend\u00f3 su compromiso con el cuidado y preservaci\u00f3n del entorno natural de Xalapa, pues los bosques y recursos h\u00eddricos son fundamentales para garantizar el abasto de agua y heredar un mejor futuro a las nuevas generaciones. En este sentido, invit\u00f3 a la sociedad a sumarse a la jornada de reforestaci\u00f3n que a trav\u00e9s de la Direcci\u00f3n de Medio Ambiente se desarrollar\u00e1 en torno de espacios educativos y \u00e1reas rurales.<\/p>\n\n\n\n<p>Asistieron las regidoras Martha Valentina Dom\u00ednguez V\u00e1squez y Mar\u00eda Guadalupe M\u00e1rquez Leonardo; los regidores Antonio Ballesteros Grayeb y Alfonso Marcos Garc\u00eda Castillo y la directora de Medio Ambiente Ana Isabel Guevara Escobar.<\/p>\n","protected":false},"excerpt":{"rendered":"<p>*Forma parte de las actividades para conmemorar el D\u00eda Mundial del Medio Ambiente. Xalapa, Ver.- Con la meta de sembrar 7 mil \u00e1rboles en la zona urbana e igual cantidad en el \u00e1rea rural del municipio, este domingo el Ayuntamiento inici\u00f3 la campa\u00f1a de Reforestaci\u00f3n y Arborizaci\u00f3n Urbana 2022 en la zona del Distribuidor Vial [&hellip;]<\/p>\n","protected":false},"author":1,"featured_media":28100,"comment_status":"open","ping_status":"open","sticky":false,"template":"","format":"standard","meta":{"_jetpack_memberships_contains_paid_content":false,"footnotes":""},"categories":[3],"tags":[],"class_list":["post-28099","post","type-post","status-publish","format-standard","has-post-thumbnail","hentry","category-xalapa"],"jetpack_featured_media_url":"https:\/\/encuentroinformativo.com.mx\/wp-content\/uploads\/2022\/06\/072B5987-5ED7-47FA-99E4-ADFAE6FEF4AD.jpeg","jetpack_sharing_enabled":true,"jetpack_likes_enabled":true,"amp_enabled":true,"_links":{"self":[{"href":"https:\/\/encuentroinformativo.com.mx\/index.php?rest_route=\/wp\/v2\/posts\/28099","targetHints":{"allow":["GET"]}}],"collection":[{"href":"https:\/\/encuentroinformativo.com.mx\/index.php?rest_route=\/wp\/v2\/posts"}],"about":[{"href":"https:\/\/encuentroinformativo.com.mx\/index.php?rest_route=\/wp\/v2\/types\/post"}],"author":[{"embeddable":true,"href":"https:\/\/encuentroinformativo.com.mx\/index.php?rest_route=\/wp\/v2\/users\/1"}],"replies":[{"embeddable":true,"href":"https:\/\/encuentroinformativo.com.mx\/index.php?rest_route=%2Fwp%2Fv2%2Fcomments&post=28099"}],"version-history":[{"count":1,"href":"https:\/\/encuentroinformativo.com.mx\/index.php?rest_route=\/wp\/v2\/posts\/28099\/revisions"}],"predecessor-version":[{"id":28101,"href":"https:\/\/encuentroinformativo.com.mx\/index.php?rest_route=\/wp\/v2\/posts\/28099\/revisions\/28101"}],"wp:featuredmedia":[{"embeddable":true,"href":"https:\/\/encuentroinformativo.com.mx\/index.php?rest_route=\/wp\/v2\/media\/28100"}],"wp:attachment":[{"href":"https:\/\/encuentroinformativo.com.mx\/index.php?rest_route=%2Fwp%2Fv2%2Fmedia&parent=28099"}],"wp:term":[{"taxonomy":"category","embeddable":true,"href":"https:\/\/encuentroinformativo.com.mx\/index.php?rest_route=%2Fwp%2Fv2%2Fcategories&post=28099"},{"taxonomy":"post_tag","embeddable":true,"href":"https:\/\/encuentroinformativo.com.mx\/index.php?rest_route=%2Fwp%2Fv2%2Ftags&post=28099"}],"curies":[{"name":"wp","href":"https:\/\/api.w.org\/{rel}","templated":true}]}}