{"id":28102,"date":"2022-06-05T14:37:40","date_gmt":"2022-06-05T19:37:40","guid":{"rendered":"https:\/\/encuentroinformativo.com.mx\/?p=28102"},"modified":"2022-06-05T14:37:44","modified_gmt":"2022-06-05T19:37:44","slug":"iniciara-segunda-jornada-de-vacunacion-para-menores","status":"publish","type":"post","link":"https:\/\/encuentroinformativo.com.mx\/?p=28102","title":{"rendered":"Iniciar\u00e1 segunda jornada de vacunaci\u00f3n para menores"},"content":{"rendered":"\n<p><strong>Juan Arcos <\/strong><\/p>\n\n\n\n<p>Xalapa, Ver.- Este lunes 6 de junio ser\u00e1 aplicada la segunda dosis contra el Sars-Cov2 (Covid-19) a menores de entre 12 y 14 a\u00f1os en siete ciudades del estado de Veracruz.<\/p>\n\n\n\n<p>De acuerdo con el delegado de Programas Sociales en Veracruz, Manuel Huerta Ladr\u00f3n de Guevara, se trata del refuerzo de la vacuna Pfizer que ser\u00e1 aplicada en Boca del R\u00edo, Veracruz, Coatzacoalcos, C\u00f3rdoba, Orizaba, Poza Rica y Xalapa.<\/p>\n\n\n\n<p>El refuerzo solo ser\u00e1 aplicado durante este lunes, como \u00fanica fecha, a partir de las ocho de la ma\u00f1ana en todas las sedes; sin embargo, en caso de ser elevada la afluencia se analizar\u00e1 ampliar la aplicaci\u00f3n otro d\u00eda.<\/p>\n\n\n\n<p>\u201cEn todos lados vamos a dar tambi\u00e9n vacuna de rezago para mayores de 60 a\u00f1os, que se aplica la cuarta vacuna AstraZeneca o segundo refuerzo\u201d, expres\u00f3.<\/p>\n\n\n\n<p>Han sido vacunados cerca de 150 mil menores de entre 12 y 14 a\u00f1os en los distintos municipios de la entidad.<\/p>\n\n\n\n<p>En poblaci\u00f3n mayor de 18 a\u00f1os, se ha alcanzado un nivel de vacunaci\u00f3n del 87 por ciento en el estado. Mientras que a nivel nacional, el 92 por ciento.<\/p>\n\n\n\n<p>\u201cEn los mayores de 60 a\u00f1os hemos logrado que el segundo refuerzo, la cuarta vacuna est\u00e9 cerca del 65 por ciento, todav\u00eda hay gente que falta de vacunarse y el llamado es a que aprovechen y acudan a estos siete municipios\u201d, a\u00f1adi\u00f3 Manuel Huerta.<\/p>\n\n\n\n<p>El Delegado de Programas Sociales en Veracruz indic\u00f3 que durante la semana se anunciar\u00edan los 60 municipios para completar este mes de junio el esquema de vacunaci\u00f3n a la poblaci\u00f3n de entre 12 y 14 a\u00f1os, y rezagados.<\/p>\n","protected":false},"excerpt":{"rendered":"<p>Juan Arcos Xalapa, Ver.- Este lunes 6 de junio ser\u00e1 aplicada la segunda dosis contra el Sars-Cov2 (Covid-19) a menores de entre 12 y 14 a\u00f1os en siete ciudades del estado de Veracruz. De acuerdo con el delegado de Programas Sociales en Veracruz, Manuel Huerta Ladr\u00f3n de Guevara, se trata del refuerzo de la vacuna [&hellip;]<\/p>\n","protected":false},"author":1,"featured_media":28103,"comment_status":"open","ping_status":"open","sticky":false,"template":"","format":"standard","meta":{"_jetpack_memberships_contains_paid_content":false,"footnotes":""},"categories":[9],"tags":[],"class_list":["post-28102","post","type-post","status-publish","format-standard","has-post-thumbnail","hentry","category-salud"],"jetpack_featured_media_url":"https:\/\/encuentroinformativo.com.mx\/wp-content\/uploads\/2022\/06\/25A4E4BE-A4A6-4B2C-8B00-A8E6FED6CCB5.jpeg","jetpack_sharing_enabled":true,"jetpack_likes_enabled":true,"amp_enabled":true,"_links":{"self":[{"href":"https:\/\/encuentroinformativo.com.mx\/index.php?rest_route=\/wp\/v2\/posts\/28102","targetHints":{"allow":["GET"]}}],"collection":[{"href":"https:\/\/encuentroinformativo.com.mx\/index.php?rest_route=\/wp\/v2\/posts"}],"about":[{"href":"https:\/\/encuentroinformativo.com.mx\/index.php?rest_route=\/wp\/v2\/types\/post"}],"author":[{"embeddable":true,"href":"https:\/\/encuentroinformativo.com.mx\/index.php?rest_route=\/wp\/v2\/users\/1"}],"replies":[{"embeddable":true,"href":"https:\/\/encuentroinformativo.com.mx\/index.php?rest_route=%2Fwp%2Fv2%2Fcomments&post=28102"}],"version-history":[{"count":1,"href":"https:\/\/encuentroinformativo.com.mx\/index.php?rest_route=\/wp\/v2\/posts\/28102\/revisions"}],"predecessor-version":[{"id":28104,"href":"https:\/\/encuentroinformativo.com.mx\/index.php?rest_route=\/wp\/v2\/posts\/28102\/revisions\/28104"}],"wp:featuredmedia":[{"embeddable":true,"href":"https:\/\/encuentroinformativo.com.mx\/index.php?rest_route=\/wp\/v2\/media\/28103"}],"wp:attachment":[{"href":"https:\/\/encuentroinformativo.com.mx\/index.php?rest_route=%2Fwp%2Fv2%2Fmedia&parent=28102"}],"wp:term":[{"taxonomy":"category","embeddable":true,"href":"https:\/\/encuentroinformativo.com.mx\/index.php?rest_route=%2Fwp%2Fv2%2Fcategories&post=28102"},{"taxonomy":"post_tag","embeddable":true,"href":"https:\/\/encuentroinformativo.com.mx\/index.php?rest_route=%2Fwp%2Fv2%2Ftags&post=28102"}],"curies":[{"name":"wp","href":"https:\/\/api.w.org\/{rel}","templated":true}]}}