{"id":28111,"date":"2022-06-05T16:57:24","date_gmt":"2022-06-05T21:57:24","guid":{"rendered":"https:\/\/encuentroinformativo.com.mx\/?p=28111"},"modified":"2022-06-05T16:57:27","modified_gmt":"2022-06-05T21:57:27","slug":"mineras-han-realizado-800-perforaciones-acusan-ambientalistas","status":"publish","type":"post","link":"https:\/\/encuentroinformativo.com.mx\/?p=28111","title":{"rendered":"Mineras han realizado 800 perforaciones, acusan ambientalistas"},"content":{"rendered":"\n<p><strong>Juan Arcos<\/strong><\/p>\n\n\n\n<p>Xalapa, Ver.- Ambientalistas protestaron este domingo 5 de junio frente a Palacio de Gobierno para exigir al gobernador Cuitl\u00e1huac Garc\u00eda Jim\u00e9nez que Veracruz sea declarado como libre de miner\u00eda t\u00f3xica.<\/p>\n\n\n\n<p>Sobre Plaza Sebasti\u00e1n Lerdo de Tejada sostuvieron una lona grande con el mensaje: \u201cVeracruz libre de miner\u00eda t\u00f3xica\u201d, durante el D\u00eda Mundial del Medio Ambiente.<\/p>\n\n\n\n<p>En el lugar, Guillermo Rodr\u00edguez Curiel, integrante de La Asamblea Veracruzana de Iniciativas y Defensa Ambiental (Lavida), revel\u00f3 que las mineras han realizado 800 perforaciones por exploraciones.<\/p>\n\n\n\n<p>Lo anterior, en la regi\u00f3n de Chiconquiaco, Alto Lucero y Actopan, estos dos \u00faltimos ubicados en la zona costera central del estado de Veracruz.<\/p>\n\n\n\n<p>\u201cEllos contin\u00faan en la sierra haciendo trabajos. Han reportado ellos (mineras) 800 trabajos en toda la zona que van desde 40 hasta 800 metros y que han provocado que se seque la laguna de El Farall\u00f3n y El Llano\u201d, expres\u00f3.<\/p>\n\n\n\n<p>Los ambientalistas atribuyen el desecamiento de Laguna Verde, El Farall\u00f3n y El Llano, situaci\u00f3n que ha afectado gravemente a los pobladores que se dedican a la pesca.<\/p>\n\n\n\n<p>Rodr\u00edguez Curiel se\u00f1al\u00f3 que contin\u00faan las labores de exploraci\u00f3n por parte de las empresas mineras.<\/p>\n\n\n\n<p>Pretenden poner en funcionamiento una mina en Chiconquiaco, lo que pone en riesgo la diversidad ecol\u00f3gica de la zona central monta\u00f1osa, donde hay m\u00e1s de 315 especies de animales.<\/p>\n","protected":false},"excerpt":{"rendered":"<p>Juan Arcos Xalapa, Ver.- Ambientalistas protestaron este domingo 5 de junio frente a Palacio de Gobierno para exigir al gobernador Cuitl\u00e1huac Garc\u00eda Jim\u00e9nez que Veracruz sea declarado como libre de miner\u00eda t\u00f3xica. Sobre Plaza Sebasti\u00e1n Lerdo de Tejada sostuvieron una lona grande con el mensaje: \u201cVeracruz libre de miner\u00eda t\u00f3xica\u201d, durante el D\u00eda Mundial del [&hellip;]<\/p>\n","protected":false},"author":1,"featured_media":28112,"comment_status":"open","ping_status":"open","sticky":false,"template":"","format":"standard","meta":{"_jetpack_memberships_contains_paid_content":false,"footnotes":""},"categories":[8],"tags":[],"class_list":["post-28111","post","type-post","status-publish","format-standard","has-post-thumbnail","hentry","category-region"],"jetpack_featured_media_url":"https:\/\/encuentroinformativo.com.mx\/wp-content\/uploads\/2022\/06\/C62483E0-B429-400A-92BF-B4934A17C878.jpeg","jetpack_sharing_enabled":true,"jetpack_likes_enabled":true,"amp_enabled":true,"_links":{"self":[{"href":"https:\/\/encuentroinformativo.com.mx\/index.php?rest_route=\/wp\/v2\/posts\/28111","targetHints":{"allow":["GET"]}}],"collection":[{"href":"https:\/\/encuentroinformativo.com.mx\/index.php?rest_route=\/wp\/v2\/posts"}],"about":[{"href":"https:\/\/encuentroinformativo.com.mx\/index.php?rest_route=\/wp\/v2\/types\/post"}],"author":[{"embeddable":true,"href":"https:\/\/encuentroinformativo.com.mx\/index.php?rest_route=\/wp\/v2\/users\/1"}],"replies":[{"embeddable":true,"href":"https:\/\/encuentroinformativo.com.mx\/index.php?rest_route=%2Fwp%2Fv2%2Fcomments&post=28111"}],"version-history":[{"count":1,"href":"https:\/\/encuentroinformativo.com.mx\/index.php?rest_route=\/wp\/v2\/posts\/28111\/revisions"}],"predecessor-version":[{"id":28113,"href":"https:\/\/encuentroinformativo.com.mx\/index.php?rest_route=\/wp\/v2\/posts\/28111\/revisions\/28113"}],"wp:featuredmedia":[{"embeddable":true,"href":"https:\/\/encuentroinformativo.com.mx\/index.php?rest_route=\/wp\/v2\/media\/28112"}],"wp:attachment":[{"href":"https:\/\/encuentroinformativo.com.mx\/index.php?rest_route=%2Fwp%2Fv2%2Fmedia&parent=28111"}],"wp:term":[{"taxonomy":"category","embeddable":true,"href":"https:\/\/encuentroinformativo.com.mx\/index.php?rest_route=%2Fwp%2Fv2%2Fcategories&post=28111"},{"taxonomy":"post_tag","embeddable":true,"href":"https:\/\/encuentroinformativo.com.mx\/index.php?rest_route=%2Fwp%2Fv2%2Ftags&post=28111"}],"curies":[{"name":"wp","href":"https:\/\/api.w.org\/{rel}","templated":true}]}}