{"id":28125,"date":"2022-06-06T12:03:04","date_gmt":"2022-06-06T17:03:04","guid":{"rendered":"https:\/\/encuentroinformativo.com.mx\/?p=28125"},"modified":"2022-06-06T12:03:06","modified_gmt":"2022-06-06T17:03:06","slug":"tlalixcoyan-busca-rompe-record-con-queso-mas-grande","status":"publish","type":"post","link":"https:\/\/encuentroinformativo.com.mx\/?p=28125","title":{"rendered":"Tlalixcoyan busca rompe r\u00e9cord con queso m\u00e1s grande"},"content":{"rendered":"\n<p><strong>Alejandro \u00c1vila<\/strong><\/p>\n\n\n\n<p>Veracruz, Ver.- La alcaldesa de Tlalixcoyan, Elvia Illescas Loyo estuvo de visita en la ciudad de Veracruz, donde anunci\u00f3 que, el pr\u00f3ximo 15 de agosto se llevar\u00e1 a cabo el evento d\u00f3nde buscan romper el r\u00e9cord del queso m\u00e1s grande de M\u00e9xico.<\/p>\n\n\n\n<p>En este 2022 y tras regresar de la suspensi\u00f3n por la pandemia, se crear\u00e1n 40 metros lineales de queso fresco, todo hecho por productores locales quienes, utilizar\u00e1n miles de litros de leche de las comunidades se comprenden el municipio de Tlalixcoyan.<\/p>\n\n\n\n<p>En el evento que se realizar\u00e1 en la cabecera municipal el pr\u00f3ximo 15 de agosto, habr\u00e1 &#8220;palmeadoras&#8221; que har\u00e1n tortillas a mano para la degustaci\u00f3n del l\u00e1cteo; adem\u00e1s, tendr\u00e1n a la venta quesos de los diversos productores de la zona.<\/p>\n\n\n\n<p>\u201cYa ve que en Alvarado tienen su fiesta, en Boca del R\u00edo tambi\u00e9n, nosotros tambi\u00e9n en Tlalixcoyan y como es algo tan tradicional por all\u00e1 nosotros tenemos el queso m\u00e1s grande tambi\u00e9n; sin duda, Tlalixcoyan se conoce por su queso\u201d, dijo la edil.<\/p>\n\n\n\n<p>Reconoci\u00f3 que este producto es un estandarte que se ha convertido en toda una industria que va de Tlalixcoyan para M\u00e9xico y el mundo por su inigualable sabor.<\/p>\n\n\n\n<p>\u201cCuando llega gente, siempre se lleva queso y se llevan para otros lados para los familiares que est\u00e1n fuera del estado. Hay mucha gente de Tlalixcoyan que va a Estado Unidos y de esa gente que luego llega a visitar es la que se lleva el queso y no es por nada, pero como el queso de Tlalixcoyan no hay dos\u201d, afirm\u00f3 la alcaldesa.<\/p>\n","protected":false},"excerpt":{"rendered":"<p>Alejandro \u00c1vila Veracruz, Ver.- La alcaldesa de Tlalixcoyan, Elvia Illescas Loyo estuvo de visita en la ciudad de Veracruz, donde anunci\u00f3 que, el pr\u00f3ximo 15 de agosto se llevar\u00e1 a cabo el evento d\u00f3nde buscan romper el r\u00e9cord del queso m\u00e1s grande de M\u00e9xico. En este 2022 y tras regresar de la suspensi\u00f3n por la [&hellip;]<\/p>\n","protected":false},"author":1,"featured_media":28126,"comment_status":"open","ping_status":"open","sticky":false,"template":"","format":"standard","meta":{"_jetpack_memberships_contains_paid_content":false,"footnotes":""},"categories":[2],"tags":[],"class_list":["post-28125","post","type-post","status-publish","format-standard","has-post-thumbnail","hentry","category-estado"],"jetpack_featured_media_url":"https:\/\/encuentroinformativo.com.mx\/wp-content\/uploads\/2022\/06\/942D4372-7E77-446C-84FB-41DC959F6255.jpeg","jetpack_sharing_enabled":true,"jetpack_likes_enabled":true,"amp_enabled":true,"_links":{"self":[{"href":"https:\/\/encuentroinformativo.com.mx\/index.php?rest_route=\/wp\/v2\/posts\/28125","targetHints":{"allow":["GET"]}}],"collection":[{"href":"https:\/\/encuentroinformativo.com.mx\/index.php?rest_route=\/wp\/v2\/posts"}],"about":[{"href":"https:\/\/encuentroinformativo.com.mx\/index.php?rest_route=\/wp\/v2\/types\/post"}],"author":[{"embeddable":true,"href":"https:\/\/encuentroinformativo.com.mx\/index.php?rest_route=\/wp\/v2\/users\/1"}],"replies":[{"embeddable":true,"href":"https:\/\/encuentroinformativo.com.mx\/index.php?rest_route=%2Fwp%2Fv2%2Fcomments&post=28125"}],"version-history":[{"count":1,"href":"https:\/\/encuentroinformativo.com.mx\/index.php?rest_route=\/wp\/v2\/posts\/28125\/revisions"}],"predecessor-version":[{"id":28127,"href":"https:\/\/encuentroinformativo.com.mx\/index.php?rest_route=\/wp\/v2\/posts\/28125\/revisions\/28127"}],"wp:featuredmedia":[{"embeddable":true,"href":"https:\/\/encuentroinformativo.com.mx\/index.php?rest_route=\/wp\/v2\/media\/28126"}],"wp:attachment":[{"href":"https:\/\/encuentroinformativo.com.mx\/index.php?rest_route=%2Fwp%2Fv2%2Fmedia&parent=28125"}],"wp:term":[{"taxonomy":"category","embeddable":true,"href":"https:\/\/encuentroinformativo.com.mx\/index.php?rest_route=%2Fwp%2Fv2%2Fcategories&post=28125"},{"taxonomy":"post_tag","embeddable":true,"href":"https:\/\/encuentroinformativo.com.mx\/index.php?rest_route=%2Fwp%2Fv2%2Ftags&post=28125"}],"curies":[{"name":"wp","href":"https:\/\/api.w.org\/{rel}","templated":true}]}}