{"id":28132,"date":"2022-06-06T12:56:42","date_gmt":"2022-06-06T17:56:42","guid":{"rendered":"https:\/\/encuentroinformativo.com.mx\/?p=28132"},"modified":"2022-06-06T12:56:46","modified_gmt":"2022-06-06T17:56:46","slug":"le-disparan-a-musico-de-los-siete-latinos-en-medellin-de-bravo","status":"publish","type":"post","link":"https:\/\/encuentroinformativo.com.mx\/?p=28132","title":{"rendered":"Le disparan a m\u00fasico de Los Siete Latinos en Medell\u00edn de Bravo"},"content":{"rendered":"\n<p><strong>Alejandro \u00c1vila<\/strong><\/p>\n\n\n\n<p>Medell\u00edn de Bravo, Ver.- A trav\u00e9s de redes sociales se dio a conocer que, el pasado s\u00e1bado previo a un evento del conjunto Los Siete Latinos en la localidad de Celaya perteneciente al municipio de Medell\u00edn de Bravo, el guitarrista de la mencionada agrupaci\u00f3n, Leonardo Mart\u00ednez, recibi\u00f3 un impacto de bala.<\/p>\n\n\n\n<p>Compa\u00f1eros y amigos relataron que, el m\u00fasico se encontraba dentro del autob\u00fas de la agrupaci\u00f3n alist\u00e1ndose para el concierto, mientras afuera se desarroll\u00f3 una ri\u00f1a d\u00f3nde un sujeto accion\u00f3 un arma de fuego, y uno de los disparos impacto en el abdomen del guitarrista de Los Siete Latinos.<\/p>\n\n\n\n<p>El m\u00fasico fue trasladado inmediatamente a un hospital, donde mantiene un estado de salud reservado.<\/p>\n\n\n\n<p>Testigos dijeron conocer al agresor, de qui\u00e9n aseguran es conocido como &#8220;Beto&#8221; y vive en la localidad Paso Chocolate, por lo que piden la intervenci\u00f3n de las autoridades de justicia para qu\u00e9 se haga responsable de sus hechos violentos.<\/p>\n\n\n\n<p>&#8220;ESPEREMOS LA JUSTICIA HAGA SU TRABAJO Y QUE CAIGA TODO EL PESO DE LA LEY !!!!! NUESTRO AMIGO SE ENCUENTRA DELICADO DE SALUD !!<\/p>\n\n\n\n<p>Y HACEMOS RESPONSABLE TOTALMENTE A ESA PERSONA QUE ACCIONO EL ARMA DE FUEGO. EL CUAL SE ENCONTRABA TOMANDO\u00a0 BEBIDAS ALCOHOLICAS EN UN LUGAR AJENO\u00a0 AL LUGAR DEL BAILE&#8221;, se\u00f1ala una denuncia en <em>Facebook<\/em>.<\/p>\n","protected":false},"excerpt":{"rendered":"<p>Alejandro \u00c1vila Medell\u00edn de Bravo, Ver.- A trav\u00e9s de redes sociales se dio a conocer que, el pasado s\u00e1bado previo a un evento del conjunto Los Siete Latinos en la localidad de Celaya perteneciente al municipio de Medell\u00edn de Bravo, el guitarrista de la mencionada agrupaci\u00f3n, Leonardo Mart\u00ednez, recibi\u00f3 un impacto de bala. Compa\u00f1eros y [&hellip;]<\/p>\n","protected":false},"author":1,"featured_media":28133,"comment_status":"open","ping_status":"open","sticky":false,"template":"","format":"standard","meta":{"_jetpack_memberships_contains_paid_content":false,"footnotes":""},"categories":[14],"tags":[],"class_list":["post-28132","post","type-post","status-publish","format-standard","has-post-thumbnail","hentry","category-policiaca"],"jetpack_featured_media_url":"https:\/\/encuentroinformativo.com.mx\/wp-content\/uploads\/2022\/06\/D5C8969F-8CBF-47D3-96CB-B21928A2F774.jpeg","jetpack_sharing_enabled":true,"jetpack_likes_enabled":true,"amp_enabled":true,"_links":{"self":[{"href":"https:\/\/encuentroinformativo.com.mx\/index.php?rest_route=\/wp\/v2\/posts\/28132","targetHints":{"allow":["GET"]}}],"collection":[{"href":"https:\/\/encuentroinformativo.com.mx\/index.php?rest_route=\/wp\/v2\/posts"}],"about":[{"href":"https:\/\/encuentroinformativo.com.mx\/index.php?rest_route=\/wp\/v2\/types\/post"}],"author":[{"embeddable":true,"href":"https:\/\/encuentroinformativo.com.mx\/index.php?rest_route=\/wp\/v2\/users\/1"}],"replies":[{"embeddable":true,"href":"https:\/\/encuentroinformativo.com.mx\/index.php?rest_route=%2Fwp%2Fv2%2Fcomments&post=28132"}],"version-history":[{"count":1,"href":"https:\/\/encuentroinformativo.com.mx\/index.php?rest_route=\/wp\/v2\/posts\/28132\/revisions"}],"predecessor-version":[{"id":28134,"href":"https:\/\/encuentroinformativo.com.mx\/index.php?rest_route=\/wp\/v2\/posts\/28132\/revisions\/28134"}],"wp:featuredmedia":[{"embeddable":true,"href":"https:\/\/encuentroinformativo.com.mx\/index.php?rest_route=\/wp\/v2\/media\/28133"}],"wp:attachment":[{"href":"https:\/\/encuentroinformativo.com.mx\/index.php?rest_route=%2Fwp%2Fv2%2Fmedia&parent=28132"}],"wp:term":[{"taxonomy":"category","embeddable":true,"href":"https:\/\/encuentroinformativo.com.mx\/index.php?rest_route=%2Fwp%2Fv2%2Fcategories&post=28132"},{"taxonomy":"post_tag","embeddable":true,"href":"https:\/\/encuentroinformativo.com.mx\/index.php?rest_route=%2Fwp%2Fv2%2Ftags&post=28132"}],"curies":[{"name":"wp","href":"https:\/\/api.w.org\/{rel}","templated":true}]}}