{"id":28135,"date":"2022-06-06T13:11:43","date_gmt":"2022-06-06T18:11:43","guid":{"rendered":"https:\/\/encuentroinformativo.com.mx\/?p=28135"},"modified":"2022-06-06T13:11:46","modified_gmt":"2022-06-06T18:11:46","slug":"sesver-le-niega-segunda-ambulancia-a-poza-rica","status":"publish","type":"post","link":"https:\/\/encuentroinformativo.com.mx\/?p=28135","title":{"rendered":"SESVER le niega segunda ambulancia a Poza Rica"},"content":{"rendered":"\n<p><strong>Alejandro \u00c1vila<\/strong><\/p>\n\n\n\n<p>Poza Rica, Ver.- A pesar de haber cumplido con todos los tr\u00e1mites que les solicitaron, el Gobierno del Estado a trav\u00e9s de la Secretar\u00eda de Salud, no ha entregado la segunda ambulancia que le hab\u00edan prometido al Ayuntamiento de Poza Rica.<\/p>\n\n\n\n<p>Leslie Vanessa Ortiz Huerta, regidora con la comisi\u00f3n de Salud mencion\u00f3 que, a\u00fan cuando cumplieron con todos los requisitos, las instancias estatales no les han informado el porque no ha llegado la unidad m\u00e9dica.<\/p>\n\n\n\n<p>La edil dijo que est\u00e1 iniciativa fue aprobada por el Cabildo de Poza Rica, y la Secretar\u00eda de Salud realiz\u00f3 una visita previa, donde les inform\u00f3 los lineamientos para concretar el apoyo; incluso, el Ayuntamiento ya pag\u00f3 las p\u00f3lizas de seguro que demandaba el convenio.&nbsp;<\/p>\n\n\n\n<p>Se\u00f1al\u00f3 que, luego de cumplir con los requisitos de la dependencia estatal, esta dej\u00f3 de comunicarse con el \u00e1rea municipal, y a pesar de que han buscado por diversos medios la respuesta de la Secretar\u00eda de Salud, no hay comunicaci\u00f3n, &#8220;se hizo todo lo humano posible, pero seguimos en espera&#8221;, expres\u00f3.<\/p>\n\n\n\n<p>De manera extraoficial dijo conocer que, aparentemente, dicha ambulancia fue enviada a otro municipio; sin embargo, hasta el momento no hay respuesta de manera oficial,&nbsp; por lo que las autoridades siguen esperando a que Secretar\u00eda de Salud les de una respuesta.&nbsp;<\/p>\n\n\n\n<p>La regidora puntualiz\u00f3 que, los servicios de traslados se siguen realizando con normalidad, pero aclar\u00f3 que, la ambulancia que se est\u00e1 solicitando cuenta con servicio prehospitalario, por lo que su presencia en Poza Rica es importante.<\/p>\n","protected":false},"excerpt":{"rendered":"<p>Alejandro \u00c1vila Poza Rica, Ver.- A pesar de haber cumplido con todos los tr\u00e1mites que les solicitaron, el Gobierno del Estado a trav\u00e9s de la Secretar\u00eda de Salud, no ha entregado la segunda ambulancia que le hab\u00edan prometido al Ayuntamiento de Poza Rica. Leslie Vanessa Ortiz Huerta, regidora con la comisi\u00f3n de Salud mencion\u00f3 que, [&hellip;]<\/p>\n","protected":false},"author":1,"featured_media":28136,"comment_status":"open","ping_status":"open","sticky":false,"template":"","format":"standard","meta":{"_jetpack_memberships_contains_paid_content":false,"footnotes":""},"categories":[9],"tags":[],"class_list":["post-28135","post","type-post","status-publish","format-standard","has-post-thumbnail","hentry","category-salud"],"jetpack_featured_media_url":"https:\/\/encuentroinformativo.com.mx\/wp-content\/uploads\/2022\/06\/EEE98AC2-E390-408F-B3CF-074F9C112F20.jpeg","jetpack_sharing_enabled":true,"jetpack_likes_enabled":true,"amp_enabled":true,"_links":{"self":[{"href":"https:\/\/encuentroinformativo.com.mx\/index.php?rest_route=\/wp\/v2\/posts\/28135","targetHints":{"allow":["GET"]}}],"collection":[{"href":"https:\/\/encuentroinformativo.com.mx\/index.php?rest_route=\/wp\/v2\/posts"}],"about":[{"href":"https:\/\/encuentroinformativo.com.mx\/index.php?rest_route=\/wp\/v2\/types\/post"}],"author":[{"embeddable":true,"href":"https:\/\/encuentroinformativo.com.mx\/index.php?rest_route=\/wp\/v2\/users\/1"}],"replies":[{"embeddable":true,"href":"https:\/\/encuentroinformativo.com.mx\/index.php?rest_route=%2Fwp%2Fv2%2Fcomments&post=28135"}],"version-history":[{"count":1,"href":"https:\/\/encuentroinformativo.com.mx\/index.php?rest_route=\/wp\/v2\/posts\/28135\/revisions"}],"predecessor-version":[{"id":28137,"href":"https:\/\/encuentroinformativo.com.mx\/index.php?rest_route=\/wp\/v2\/posts\/28135\/revisions\/28137"}],"wp:featuredmedia":[{"embeddable":true,"href":"https:\/\/encuentroinformativo.com.mx\/index.php?rest_route=\/wp\/v2\/media\/28136"}],"wp:attachment":[{"href":"https:\/\/encuentroinformativo.com.mx\/index.php?rest_route=%2Fwp%2Fv2%2Fmedia&parent=28135"}],"wp:term":[{"taxonomy":"category","embeddable":true,"href":"https:\/\/encuentroinformativo.com.mx\/index.php?rest_route=%2Fwp%2Fv2%2Fcategories&post=28135"},{"taxonomy":"post_tag","embeddable":true,"href":"https:\/\/encuentroinformativo.com.mx\/index.php?rest_route=%2Fwp%2Fv2%2Ftags&post=28135"}],"curies":[{"name":"wp","href":"https:\/\/api.w.org\/{rel}","templated":true}]}}