{"id":28141,"date":"2022-06-06T14:17:03","date_gmt":"2022-06-06T19:17:03","guid":{"rendered":"https:\/\/encuentroinformativo.com.mx\/?p=28141"},"modified":"2022-06-06T14:17:07","modified_gmt":"2022-06-06T19:17:07","slug":"reasignaran-recursos-suspenden-remodelacion-de-mercados","status":"publish","type":"post","link":"https:\/\/encuentroinformativo.com.mx\/?p=28141","title":{"rendered":"Reasignar\u00e1n recursos; suspenden remodelaci\u00f3n de mercados"},"content":{"rendered":"\n<p><strong>Dar\u00edo Pale <\/strong><\/p>\n\n\n\n<p>Xalapa, Ver.- El delegado de los programas federales en Veracruz Manuel Huerta Ladron de Guevara dio a conocer que, los recursos federales por m\u00e1s de 360 millones de pesos que se hab\u00edan etiquetado para la remodelaci\u00f3n de mercados como el de la Rotonda en Xalapa, el 5 de febrero en San Andr\u00e9s Tuxtla y el Solidaridad de Minatitl\u00e1n, ya no se usar\u00e1n en dichos espacios p\u00fablicos, ahora se ejecutar\u00e1n en un programa emergente ampliando la vivienda.<\/p>\n\n\n\n<p>En entrevista, confirm\u00f3 lo anterior y reconoci\u00f3 que esto es debido a las diversas problem\u00e1ticas que se generaron en algunos sitios de estos, &#8220;se suspenden esas obras porque un acuerdo es que el ayuntamiento debe dejar en condiciones sin problem\u00e1ticas sociales para hacer la obra, son contratos que ya se tienen y si no se pueden ejecutar, no se puede regresar el dinero a su ejercicio&#8221;.<\/p>\n\n\n\n<p>&#8220;Por eso le busca el Presidente mecanismos para que se cumpla el objetivo y en esas ciudades el presupuesto finalmente se va a ejercer, pero ya no en esas obras&#8221;, coment\u00f3.<\/p>\n\n\n\n<p>Sostuvo que ese dinero ya se ocupa en obras como la remodelaci\u00f3n del viejo rastro de Xalapa, as\u00ed como para un centro comunitario, obras en torno a Los Lagos, as\u00ed como el gimnasio La Lagunilla.<\/p>\n\n\n\n<p>Hay que recordar que tan s\u00f3lo la reconstrucci\u00f3n del mercado de La Rotonda tendr\u00eda una inversi\u00f3n de entre 60 y 70 millones de pesos, mientras que entre el mercado Solidaridad de Minatitl\u00e1n y el 5 de febrero de San Andr\u00e9s Tuxtla, una inversi\u00f3n de al menos 300 millones de pesos.<\/p>\n\n\n\n<p>Apenas este 17 de mayo pasado la Secretar\u00eda de Desarrollo Agrario, Territorial y Urbano (Sedatu) en coordinaci\u00f3n con la Secretar\u00eda de Gobernaci\u00f3n (Segob) y autoridades estatales y municipales, sostuvieron una reuni\u00f3n de trabajo para avanzar en las negociaciones con los locatarios de los mercados Solidaridad \u00a0y 5 de febrero.<\/p>\n\n\n\n<p>El titular de Sedatu, Rom\u00e1n Meyer Falc\u00f3n, destac\u00f3 que ambos proyectos de reconstrucci\u00f3n tienen un impacto social positivo y necesario para locatarios y para quienes visitan estos centros comerciales; y agreg\u00f3 que los municipios recibir\u00e1n una inversi\u00f3n superior a los 300 millones de pesos para estas obras, que representa adem\u00e1s la creaci\u00f3n de m\u00e1s de 2 mil 500 empleos durante su ejecuci\u00f3n.<\/p>\n\n\n\n<p>Sin embargo, el Delegado confirm\u00f3 que dichos recursos no se ejecutar\u00e1n en esas obras, pero no se devolver\u00e1n.<\/p>\n\n\n\n<p>&#8220;Por eso habr\u00e1 un programa emergente de vivienda subsidiada para las comunidades m\u00e1s pobres, no es abierto a toda la ciudadan\u00eda, sino a las comunidades m\u00e1s pobres que se definen ah\u00ed habr\u00e1 subsidio de vivienda&#8221;, coment\u00f3.<\/p>\n\n\n\n<p>Finalmente inform\u00f3 que &#8220;el mercado de La Rotonda se suspendi\u00f3 hasta donde tengo noticias, se suspendi\u00f3. Reitero que habr\u00e1 una reasignaci\u00f3n presupuestal en la ciudad de Minatitl\u00e1n, San Andr\u00e9s, Xalapa y C\u00f3rdoba habr\u00e1 una ampliaci\u00f3n al programa emergente de vivienda a trav\u00e9s de la Conavi&#8221;.<\/p>\n","protected":false},"excerpt":{"rendered":"<p>Dar\u00edo Pale Xalapa, Ver.- El delegado de los programas federales en Veracruz Manuel Huerta Ladron de Guevara dio a conocer que, los recursos federales por m\u00e1s de 360 millones de pesos que se hab\u00edan etiquetado para la remodelaci\u00f3n de mercados como el de la Rotonda en Xalapa, el 5 de febrero en San Andr\u00e9s Tuxtla [&hellip;]<\/p>\n","protected":false},"author":1,"featured_media":28142,"comment_status":"open","ping_status":"open","sticky":false,"template":"","format":"standard","meta":{"_jetpack_memberships_contains_paid_content":false,"footnotes":""},"categories":[2],"tags":[],"class_list":["post-28141","post","type-post","status-publish","format-standard","has-post-thumbnail","hentry","category-estado"],"jetpack_featured_media_url":"https:\/\/encuentroinformativo.com.mx\/wp-content\/uploads\/2022\/06\/0A1EA025-3900-453D-8BCB-52104B5B8D3B.jpeg","jetpack_sharing_enabled":true,"jetpack_likes_enabled":true,"amp_enabled":true,"_links":{"self":[{"href":"https:\/\/encuentroinformativo.com.mx\/index.php?rest_route=\/wp\/v2\/posts\/28141","targetHints":{"allow":["GET"]}}],"collection":[{"href":"https:\/\/encuentroinformativo.com.mx\/index.php?rest_route=\/wp\/v2\/posts"}],"about":[{"href":"https:\/\/encuentroinformativo.com.mx\/index.php?rest_route=\/wp\/v2\/types\/post"}],"author":[{"embeddable":true,"href":"https:\/\/encuentroinformativo.com.mx\/index.php?rest_route=\/wp\/v2\/users\/1"}],"replies":[{"embeddable":true,"href":"https:\/\/encuentroinformativo.com.mx\/index.php?rest_route=%2Fwp%2Fv2%2Fcomments&post=28141"}],"version-history":[{"count":1,"href":"https:\/\/encuentroinformativo.com.mx\/index.php?rest_route=\/wp\/v2\/posts\/28141\/revisions"}],"predecessor-version":[{"id":28143,"href":"https:\/\/encuentroinformativo.com.mx\/index.php?rest_route=\/wp\/v2\/posts\/28141\/revisions\/28143"}],"wp:featuredmedia":[{"embeddable":true,"href":"https:\/\/encuentroinformativo.com.mx\/index.php?rest_route=\/wp\/v2\/media\/28142"}],"wp:attachment":[{"href":"https:\/\/encuentroinformativo.com.mx\/index.php?rest_route=%2Fwp%2Fv2%2Fmedia&parent=28141"}],"wp:term":[{"taxonomy":"category","embeddable":true,"href":"https:\/\/encuentroinformativo.com.mx\/index.php?rest_route=%2Fwp%2Fv2%2Fcategories&post=28141"},{"taxonomy":"post_tag","embeddable":true,"href":"https:\/\/encuentroinformativo.com.mx\/index.php?rest_route=%2Fwp%2Fv2%2Ftags&post=28141"}],"curies":[{"name":"wp","href":"https:\/\/api.w.org\/{rel}","templated":true}]}}