{"id":28151,"date":"2022-06-06T16:15:12","date_gmt":"2022-06-06T21:15:12","guid":{"rendered":"https:\/\/encuentroinformativo.com.mx\/?p=28151"},"modified":"2022-06-06T16:15:16","modified_gmt":"2022-06-06T21:15:16","slug":"panistas-no-se-ponen-de-acuerdo-en-cambio-de-coordinador-gomez-cazarin","status":"publish","type":"post","link":"https:\/\/encuentroinformativo.com.mx\/?p=28151","title":{"rendered":"Panistas no se ponen de acuerdo en cambio de coordinador: G\u00f3mez Cazar\u00edn"},"content":{"rendered":"\n<p><strong>Dar\u00edo Pale <\/strong><\/p>\n\n\n\n<p>Xalapa, Ver.- Mientras en la bancada de Acci\u00f3n Nacional (PAN) no se pongan de acuerdo, el diputado Enrique Cambranis Torres no \u00a0podr\u00e1 ser su coordinador, as\u00ed lo claro el presidente de la Junta de Coordinaci\u00f3n Pol\u00edtica, Juan Javier G\u00f3mez Cazar\u00edn.<\/p>\n\n\n\n<p>En entrevista cometo que, si bien respetan la vida interna de cada partido pol\u00edtico, en el Congreso de Veracruz tambi\u00e9n hay reglas que respetar, por lo que mientras no se presente el documento donde todos los diputados \u00a0y diputadas del PAN respaldan a Enrique Cambranis no se puede hacer el cambio.<\/p>\n\n\n\n<p>Responsabiliz\u00f3 al diputado Oth\u00f3n Hern\u00e1ndez de no querer soltar la batuta de la bancada panista en el Congreso Local.<\/p>\n\n\n\n<p>\u201cNosotros le hemos pedido a Oth\u00f3n que presente si quiere hacer una modificaci\u00f3n y no la ha presentado, es una acuerdo interno de su partido, no del Congreso ni de Morena ni de un coordinador, para mi el coordinador y lo saben todos los coordinadores, para mi el del PRI, el del PT, el del Verde saben que si se presenta el diputado Oth\u00f3n promoviendo la remoci\u00f3n con todo gusto, peor no nos vamos a saltar el reglamento del art\u00edculo 28 del estado\u201d, se\u00f1al\u00f3.<\/p>\n\n\n\n<p>G\u00f3mez Cazar\u00edn insisti\u00f3 en todo momento que ellos como Junta de Coordinaci\u00f3n Pol\u00edtica no se niegan a recibir a Enrique Cambranis como representante de la bancada panista, pero dej\u00f3 en claro que hay normas que cumplir.<\/p>\n\n\n\n<p>\u201cYo voy a hacer que se respete el reglamento interno del Congreso del Estado, y es una situaci\u00f3n de ellos no del Congreso, yo estoy aqu\u00ed para que se cumplan la leyes\u201d, coment\u00f3.<\/p>\n\n\n\n<p>Por \u00faltimo cabe recordar que, desde hace unas semanas que tom\u00f3 protesta Federico Salom\u00f3n como dirigente estatal del PAN, \u00a0nombr\u00f3 al diputad Enrique Cambranis, coordinador de la bancada de su partido en la legislatura local, sin embargo el cambio no se puede dar dado a que el anterior nombramiento que representa Oth\u00f3n Hern\u00e1ndez no lo quiere soltar.<\/p>\n","protected":false},"excerpt":{"rendered":"<p>Dar\u00edo Pale Xalapa, Ver.- Mientras en la bancada de Acci\u00f3n Nacional (PAN) no se pongan de acuerdo, el diputado Enrique Cambranis Torres no \u00a0podr\u00e1 ser su coordinador, as\u00ed lo claro el presidente de la Junta de Coordinaci\u00f3n Pol\u00edtica, Juan Javier G\u00f3mez Cazar\u00edn. En entrevista cometo que, si bien respetan la vida interna de cada partido [&hellip;]<\/p>\n","protected":false},"author":1,"featured_media":28152,"comment_status":"open","ping_status":"open","sticky":false,"template":"","format":"standard","meta":{"_jetpack_memberships_contains_paid_content":false,"footnotes":""},"categories":[2],"tags":[],"class_list":["post-28151","post","type-post","status-publish","format-standard","has-post-thumbnail","hentry","category-estado"],"jetpack_featured_media_url":"https:\/\/encuentroinformativo.com.mx\/wp-content\/uploads\/2022\/06\/6A758526-B28C-4E30-A7FC-9979636109C9.jpeg","jetpack_sharing_enabled":true,"jetpack_likes_enabled":true,"amp_enabled":true,"_links":{"self":[{"href":"https:\/\/encuentroinformativo.com.mx\/index.php?rest_route=\/wp\/v2\/posts\/28151","targetHints":{"allow":["GET"]}}],"collection":[{"href":"https:\/\/encuentroinformativo.com.mx\/index.php?rest_route=\/wp\/v2\/posts"}],"about":[{"href":"https:\/\/encuentroinformativo.com.mx\/index.php?rest_route=\/wp\/v2\/types\/post"}],"author":[{"embeddable":true,"href":"https:\/\/encuentroinformativo.com.mx\/index.php?rest_route=\/wp\/v2\/users\/1"}],"replies":[{"embeddable":true,"href":"https:\/\/encuentroinformativo.com.mx\/index.php?rest_route=%2Fwp%2Fv2%2Fcomments&post=28151"}],"version-history":[{"count":1,"href":"https:\/\/encuentroinformativo.com.mx\/index.php?rest_route=\/wp\/v2\/posts\/28151\/revisions"}],"predecessor-version":[{"id":28153,"href":"https:\/\/encuentroinformativo.com.mx\/index.php?rest_route=\/wp\/v2\/posts\/28151\/revisions\/28153"}],"wp:featuredmedia":[{"embeddable":true,"href":"https:\/\/encuentroinformativo.com.mx\/index.php?rest_route=\/wp\/v2\/media\/28152"}],"wp:attachment":[{"href":"https:\/\/encuentroinformativo.com.mx\/index.php?rest_route=%2Fwp%2Fv2%2Fmedia&parent=28151"}],"wp:term":[{"taxonomy":"category","embeddable":true,"href":"https:\/\/encuentroinformativo.com.mx\/index.php?rest_route=%2Fwp%2Fv2%2Fcategories&post=28151"},{"taxonomy":"post_tag","embeddable":true,"href":"https:\/\/encuentroinformativo.com.mx\/index.php?rest_route=%2Fwp%2Fv2%2Ftags&post=28151"}],"curies":[{"name":"wp","href":"https:\/\/api.w.org\/{rel}","templated":true}]}}