{"id":28154,"date":"2022-06-06T16:19:45","date_gmt":"2022-06-06T21:19:45","guid":{"rendered":"https:\/\/encuentroinformativo.com.mx\/?p=28154"},"modified":"2022-06-06T16:19:49","modified_gmt":"2022-06-06T21:19:49","slug":"analizan-investigadores-movimientos-sociales-por-megaproyectos","status":"publish","type":"post","link":"https:\/\/encuentroinformativo.com.mx\/?p=28154","title":{"rendered":"Analizan investigadores movimientos sociales por megaproyectos"},"content":{"rendered":"\n<p><strong>Juan Arcos<\/strong><\/p>\n\n\n\n<p>Xalapa, Ver.- La Red Mexicana de Estudios de los Movimientos Sociales analiza las manifestaciones y grupos de lucha que han surgido en el pa\u00eds para defender el territorio de los megaproyectos que impulsa este gobierno federal y podr\u00edan atentar contra el entorno ecol\u00f3gico y los pueblos.<\/p>\n\n\n\n<p>Los investigadores estudian diversas temas, como el &#8220;Tren Maya&#8221;, &#8220;Corredor Interoce\u00e1nico&#8221; as\u00ed como la refiner\u00eda &#8220;Dos Bocas&#8221; y los impactos que estos est\u00e1n generando en el pa\u00eds.<\/p>\n\n\n\n<p>De acuerdo con Saul Horacio Moreno Andrade, director del Centro de Investigaciones y Estudios Superiores en Antropolog\u00eda Social (Ciesas-Golfo), se realizar\u00e1n congresos y foros para abordar estos temas.<\/p>\n\n\n\n<p>En ese sentido, convoc\u00f3 a investigadores, acad\u00e9micos y activistas que aborden el an\u00e1lisis de los movimientos sociales, la protesta, las acciones colectivas, el conflicto, la resistencia y las pol\u00edticas de desarrollo regional al Tercer Congreso Internacional de Estudios de los Movimientos Sociales.<\/p>\n\n\n\n<p>Se hablar\u00e1 sobre los desaf\u00edos de los movimientos en tiempos de incertidumbre, as\u00ed como reflexionar en c\u00f3mo han evolucionado estas movilizaciones en el contexto de pandemia.<\/p>\n\n\n\n<p>El congreso se realizar\u00e1 durante del 31 de agosto al 2 de septiembre en la Universidad Aut\u00f3noma de Ciudad del Carmen.<\/p>\n\n\n\n<p>Tambi\u00e9n habr\u00e1 foros del 26 al 28 de octubre en la Universidad de Guadalajara, mismos que ser\u00e1n presenciales y virtuales.<\/p>\n","protected":false},"excerpt":{"rendered":"<p>Juan Arcos Xalapa, Ver.- La Red Mexicana de Estudios de los Movimientos Sociales analiza las manifestaciones y grupos de lucha que han surgido en el pa\u00eds para defender el territorio de los megaproyectos que impulsa este gobierno federal y podr\u00edan atentar contra el entorno ecol\u00f3gico y los pueblos. Los investigadores estudian diversas temas, como el [&hellip;]<\/p>\n","protected":false},"author":1,"featured_media":28155,"comment_status":"open","ping_status":"open","sticky":false,"template":"","format":"standard","meta":{"_jetpack_memberships_contains_paid_content":false,"footnotes":""},"categories":[3],"tags":[],"class_list":["post-28154","post","type-post","status-publish","format-standard","has-post-thumbnail","hentry","category-xalapa"],"jetpack_featured_media_url":"https:\/\/encuentroinformativo.com.mx\/wp-content\/uploads\/2022\/06\/D65B36CB-61F4-4CC9-978C-E6D8C03431DB.jpeg","jetpack_sharing_enabled":true,"jetpack_likes_enabled":true,"amp_enabled":true,"_links":{"self":[{"href":"https:\/\/encuentroinformativo.com.mx\/index.php?rest_route=\/wp\/v2\/posts\/28154","targetHints":{"allow":["GET"]}}],"collection":[{"href":"https:\/\/encuentroinformativo.com.mx\/index.php?rest_route=\/wp\/v2\/posts"}],"about":[{"href":"https:\/\/encuentroinformativo.com.mx\/index.php?rest_route=\/wp\/v2\/types\/post"}],"author":[{"embeddable":true,"href":"https:\/\/encuentroinformativo.com.mx\/index.php?rest_route=\/wp\/v2\/users\/1"}],"replies":[{"embeddable":true,"href":"https:\/\/encuentroinformativo.com.mx\/index.php?rest_route=%2Fwp%2Fv2%2Fcomments&post=28154"}],"version-history":[{"count":1,"href":"https:\/\/encuentroinformativo.com.mx\/index.php?rest_route=\/wp\/v2\/posts\/28154\/revisions"}],"predecessor-version":[{"id":28156,"href":"https:\/\/encuentroinformativo.com.mx\/index.php?rest_route=\/wp\/v2\/posts\/28154\/revisions\/28156"}],"wp:featuredmedia":[{"embeddable":true,"href":"https:\/\/encuentroinformativo.com.mx\/index.php?rest_route=\/wp\/v2\/media\/28155"}],"wp:attachment":[{"href":"https:\/\/encuentroinformativo.com.mx\/index.php?rest_route=%2Fwp%2Fv2%2Fmedia&parent=28154"}],"wp:term":[{"taxonomy":"category","embeddable":true,"href":"https:\/\/encuentroinformativo.com.mx\/index.php?rest_route=%2Fwp%2Fv2%2Fcategories&post=28154"},{"taxonomy":"post_tag","embeddable":true,"href":"https:\/\/encuentroinformativo.com.mx\/index.php?rest_route=%2Fwp%2Fv2%2Ftags&post=28154"}],"curies":[{"name":"wp","href":"https:\/\/api.w.org\/{rel}","templated":true}]}}