{"id":28177,"date":"2022-06-07T11:17:58","date_gmt":"2022-06-07T16:17:58","guid":{"rendered":"https:\/\/encuentroinformativo.com.mx\/?p=28177"},"modified":"2022-06-07T11:18:02","modified_gmt":"2022-06-07T16:18:02","slug":"golpean-a-dos-elementos-de-la-guardia-nacional-en-medellin","status":"publish","type":"post","link":"https:\/\/encuentroinformativo.com.mx\/?p=28177","title":{"rendered":"Golpean a dos elementos de la Guardia Nacional en Medell\u00edn"},"content":{"rendered":"\n<p><strong>Alejandro \u00c1vila<\/strong><\/p>\n\n\n\n<p>Medell\u00edn de Bravo, Ver.- Dos sujetos identificados como personal activo de la Guardia Nacional se encuentran internados en el Hospital Naval de Veracruz tras ser brutalmente golpeados por polic\u00edas estatales.<\/p>\n\n\n\n<p>Familiares de los agredidos relatan que, el pasado fin de semana los mencionados elementos de la Guardia Nacional intentaban disfrutar de sus d\u00edas de descanso en el municipio de Medell\u00edn de Bravo.<\/p>\n\n\n\n<p>Daniel M. H. y su compa\u00f1ero Alejandro C. R. circulaban en una motocicleta color roja, cuando ingresaron por un camino de terracer\u00eda hacia el puente que va hacia Rancho del Padre como un atajo.<\/p>\n\n\n\n<p>En ese momento, tres patrullas de la SSP que los vieron hacer la maniobra, se abalanzaron sobre ellos y le cerraron el paso, orden\u00e1ndoles que se detuvieron para realizarles una supuesta inspecci\u00f3n de rutina.<\/p>\n\n\n\n<p>Los estatales bajaron abruptamente a las 2 personas de la motocicleta y los tiraron sobre el piso, mientras los golpeaban en reiteradas ocasiones; incluso, fueron enca\u00f1onados con armas de fuego, mientras otros polic\u00edas revisaban sus maletas para quitarles su dinero y otros objetos de valor.<\/p>\n\n\n\n<p>Uno de ellos declar\u00f3 que al final de la golpiza, los oficiales les colocaron sus propias maletas sobre la cabeza mientras abordaban sus patrullas y se iban del lugar al no encontrarles nada, a pesar de los golpes, uno de ellos logr\u00f3 ver que una de las unidades estaba marcada con el n\u00famero econ\u00f3mico SP-3358.<\/p>\n\n\n\n<p>C\u00f3mo pudieron, los agraviados pidieron apoyo a sus familiares, quienes posteriormente los trasladaron al mencionado hospital donde permanecen internados, pero interpondr\u00e1n la denuncia correspondiente ante la Fiscal\u00eda General del Estado en contra de la Polic\u00eda Estatal.<\/p>\n\n\n\n<p>Este caso es uno m\u00e1s de las diversas denuncias que se han hecho en los \u00faltimos 15 d\u00edas, sobre todo en el municipio de Medell\u00edn de Bravo, donde ciudadanos han mostrado con fotograf\u00edas y videos el abuso de autoridad de los polic\u00edas estatales, qui\u00e9nes reforzaron el operativo en la zona, en b\u00fasqueda del director de la Polic\u00eda Vial, qui\u00e9n fue privado de su libertad hace dos semanas.<\/p>\n","protected":false},"excerpt":{"rendered":"<p>Alejandro \u00c1vila Medell\u00edn de Bravo, Ver.- Dos sujetos identificados como personal activo de la Guardia Nacional se encuentran internados en el Hospital Naval de Veracruz tras ser brutalmente golpeados por polic\u00edas estatales. Familiares de los agredidos relatan que, el pasado fin de semana los mencionados elementos de la Guardia Nacional intentaban disfrutar de sus d\u00edas [&hellip;]<\/p>\n","protected":false},"author":1,"featured_media":28178,"comment_status":"open","ping_status":"open","sticky":false,"template":"","format":"standard","meta":{"_jetpack_memberships_contains_paid_content":false,"footnotes":""},"categories":[14],"tags":[],"class_list":["post-28177","post","type-post","status-publish","format-standard","has-post-thumbnail","hentry","category-policiaca"],"jetpack_featured_media_url":"https:\/\/encuentroinformativo.com.mx\/wp-content\/uploads\/2022\/06\/DBA870CB-08F1-4A33-A17E-6CD4AFB5D19B.jpeg","jetpack_sharing_enabled":true,"jetpack_likes_enabled":true,"amp_enabled":true,"_links":{"self":[{"href":"https:\/\/encuentroinformativo.com.mx\/index.php?rest_route=\/wp\/v2\/posts\/28177","targetHints":{"allow":["GET"]}}],"collection":[{"href":"https:\/\/encuentroinformativo.com.mx\/index.php?rest_route=\/wp\/v2\/posts"}],"about":[{"href":"https:\/\/encuentroinformativo.com.mx\/index.php?rest_route=\/wp\/v2\/types\/post"}],"author":[{"embeddable":true,"href":"https:\/\/encuentroinformativo.com.mx\/index.php?rest_route=\/wp\/v2\/users\/1"}],"replies":[{"embeddable":true,"href":"https:\/\/encuentroinformativo.com.mx\/index.php?rest_route=%2Fwp%2Fv2%2Fcomments&post=28177"}],"version-history":[{"count":1,"href":"https:\/\/encuentroinformativo.com.mx\/index.php?rest_route=\/wp\/v2\/posts\/28177\/revisions"}],"predecessor-version":[{"id":28179,"href":"https:\/\/encuentroinformativo.com.mx\/index.php?rest_route=\/wp\/v2\/posts\/28177\/revisions\/28179"}],"wp:featuredmedia":[{"embeddable":true,"href":"https:\/\/encuentroinformativo.com.mx\/index.php?rest_route=\/wp\/v2\/media\/28178"}],"wp:attachment":[{"href":"https:\/\/encuentroinformativo.com.mx\/index.php?rest_route=%2Fwp%2Fv2%2Fmedia&parent=28177"}],"wp:term":[{"taxonomy":"category","embeddable":true,"href":"https:\/\/encuentroinformativo.com.mx\/index.php?rest_route=%2Fwp%2Fv2%2Fcategories&post=28177"},{"taxonomy":"post_tag","embeddable":true,"href":"https:\/\/encuentroinformativo.com.mx\/index.php?rest_route=%2Fwp%2Fv2%2Ftags&post=28177"}],"curies":[{"name":"wp","href":"https:\/\/api.w.org\/{rel}","templated":true}]}}