{"id":28183,"date":"2022-06-07T12:40:36","date_gmt":"2022-06-07T17:40:36","guid":{"rendered":"https:\/\/encuentroinformativo.com.mx\/?p=28183"},"modified":"2022-06-07T12:40:40","modified_gmt":"2022-06-07T17:40:40","slug":"refuerzan-seguridad-en-soledad-de-doblado","status":"publish","type":"post","link":"https:\/\/encuentroinformativo.com.mx\/?p=28183","title":{"rendered":"Refuerzan seguridad en Soledad de Doblado"},"content":{"rendered":"\n<p><strong>Alejandro \u00c1vila<\/strong><\/p>\n\n\n\n<p>Veracruz, Ver.- La alcaldesa de Soledad de Doblado, Arantxa Zamitis Sosa mencion\u00f3 que, en los seis meses que lleva de administraci\u00f3n se ha duplicado la Polic\u00eda Municipal, y se ha reforzado la seguridad con el apoyo de la Polic\u00eda Estatal y Guardia Nacional.<\/p>\n\n\n\n<p>La edil reconoci\u00f3 que, uno de los principales problemas era el robo a transe\u00fante, \u00edndice delictivo que ha disminuido considerablemente en las \u00faltimas fechas.<\/p>\n\n\n\n<p>La presidenta municipal dijo que, al d\u00eda de hoy cuentan con 15 elementos de Polic\u00eda Municipal, y dependiendo del presupuesto del 2023, podr\u00edan incrementar la plantilla.<\/p>\n\n\n\n<p>&#8220;Tenemos 15 polic\u00edas municipales, adem\u00e1s de una estaci\u00f3n de polic\u00eda estatal, y tenemos tambi\u00e9n ese v\u00ednculo directo con la Guardia Nacional (\u2026) en a\u00f1os anteriores lo qu\u00e9 suced\u00eda normalmente era el robo a transe\u00fantes, ya ha disminuido, y cada uno de los casos, sobre todo en robo a casa habitaci\u00f3n ya han sido detenidos, el \u00edndice es much\u00edsimo m\u00e1s bajo de lo que en a\u00f1os pasados se encontraba&#8221;, apunt\u00f3.<\/p>\n\n\n\n<p>El otro tema, la alcaldesa dijo que, en pr\u00f3ximas fechas se har\u00e1 el anuncio de la rehabilitaci\u00f3n integral del Puente de Tablones y la antigua bodega de la Estaci\u00f3n de Ferrocarriles, ambos atractivos tur\u00edsticos importantes del municipio de Soledad de Doblado.<\/p>\n","protected":false},"excerpt":{"rendered":"<p>Alejandro \u00c1vila Veracruz, Ver.- La alcaldesa de Soledad de Doblado, Arantxa Zamitis Sosa mencion\u00f3 que, en los seis meses que lleva de administraci\u00f3n se ha duplicado la Polic\u00eda Municipal, y se ha reforzado la seguridad con el apoyo de la Polic\u00eda Estatal y Guardia Nacional. La edil reconoci\u00f3 que, uno de los principales problemas era [&hellip;]<\/p>\n","protected":false},"author":1,"featured_media":28184,"comment_status":"open","ping_status":"open","sticky":false,"template":"","format":"standard","meta":{"_jetpack_memberships_contains_paid_content":false,"footnotes":""},"categories":[2],"tags":[],"class_list":["post-28183","post","type-post","status-publish","format-standard","has-post-thumbnail","hentry","category-estado"],"jetpack_featured_media_url":"https:\/\/encuentroinformativo.com.mx\/wp-content\/uploads\/2022\/06\/92C36B69-2152-464F-B997-6156F86B1ECC.jpeg","jetpack_sharing_enabled":true,"jetpack_likes_enabled":true,"amp_enabled":true,"_links":{"self":[{"href":"https:\/\/encuentroinformativo.com.mx\/index.php?rest_route=\/wp\/v2\/posts\/28183","targetHints":{"allow":["GET"]}}],"collection":[{"href":"https:\/\/encuentroinformativo.com.mx\/index.php?rest_route=\/wp\/v2\/posts"}],"about":[{"href":"https:\/\/encuentroinformativo.com.mx\/index.php?rest_route=\/wp\/v2\/types\/post"}],"author":[{"embeddable":true,"href":"https:\/\/encuentroinformativo.com.mx\/index.php?rest_route=\/wp\/v2\/users\/1"}],"replies":[{"embeddable":true,"href":"https:\/\/encuentroinformativo.com.mx\/index.php?rest_route=%2Fwp%2Fv2%2Fcomments&post=28183"}],"version-history":[{"count":1,"href":"https:\/\/encuentroinformativo.com.mx\/index.php?rest_route=\/wp\/v2\/posts\/28183\/revisions"}],"predecessor-version":[{"id":28185,"href":"https:\/\/encuentroinformativo.com.mx\/index.php?rest_route=\/wp\/v2\/posts\/28183\/revisions\/28185"}],"wp:featuredmedia":[{"embeddable":true,"href":"https:\/\/encuentroinformativo.com.mx\/index.php?rest_route=\/wp\/v2\/media\/28184"}],"wp:attachment":[{"href":"https:\/\/encuentroinformativo.com.mx\/index.php?rest_route=%2Fwp%2Fv2%2Fmedia&parent=28183"}],"wp:term":[{"taxonomy":"category","embeddable":true,"href":"https:\/\/encuentroinformativo.com.mx\/index.php?rest_route=%2Fwp%2Fv2%2Fcategories&post=28183"},{"taxonomy":"post_tag","embeddable":true,"href":"https:\/\/encuentroinformativo.com.mx\/index.php?rest_route=%2Fwp%2Fv2%2Ftags&post=28183"}],"curies":[{"name":"wp","href":"https:\/\/api.w.org\/{rel}","templated":true}]}}