{"id":28186,"date":"2022-06-07T12:43:58","date_gmt":"2022-06-07T17:43:58","guid":{"rendered":"https:\/\/encuentroinformativo.com.mx\/?p=28186"},"modified":"2022-06-07T12:44:02","modified_gmt":"2022-06-07T17:44:02","slug":"inician-instalacion-de-gradas-para-carnaval","status":"publish","type":"post","link":"https:\/\/encuentroinformativo.com.mx\/?p=28186","title":{"rendered":"Inician instalaci\u00f3n de gradas para Carnaval"},"content":{"rendered":"\n<p><strong>Alejandro \u00c1vila<\/strong><\/p>\n\n\n\n<p>Veracruz, Ver.- A partir de este lunes inici\u00f3 la instalaci\u00f3n de gradas sobre el bulevar &#8220;Manuel \u00c1vila Camacho&#8221; para el Carnaval de Veracruz 2022, la alcaldesa Patricia Lobeira Rodr\u00edguez mencion\u00f3 que, el costo de las mismas aument\u00f3 10 pesos, es decir, costar\u00e1n 100 pesos al p\u00fablico general.<\/p>\n\n\n\n<p>La panista coment\u00f3 que volver\u00e1n las gradas &#8220;verdes&#8221;, y este a\u00f1o se implementar\u00e1n las gradas &#8220;moradas&#8221;.<\/p>\n\n\n\n<p>&#8220;Vamos a tener el este Carnaval gradas verdes, qu\u00e9 son las ecol\u00f3gicas, donde no se va a aceptar que haya fumadores y no va a haber alcohol, y vamos a tener las gradas moradas, qu\u00e9 son las gradas para mujeres y ni\u00f1as menores de 13 a\u00f1os&#8221;, subray\u00f3.<\/p>\n\n\n\n<p>Lobeira Rodr\u00edguez dijo que, se dispondr\u00e1 de un operativo a cargo de las direcciones de Gobernaci\u00f3n y Comercio, las cuales supervisaran qu\u00e9 los vendedores no aumentan el precio del costo de las gradas, en caso de existir alguna denuncia en su contra estos ser\u00e1n sancionados.<\/p>\n\n\n\n<p>La presidenta municipal dijo que, este jueves sostendr\u00e1 una reuni\u00f3n con el Comit\u00e9 de Carnaval de Veracruz donde, entre otras cosas, analizar\u00e1n la posibilidad de que exista un d\u00eda de gradas gratuitas, tal c\u00f3mo se hac\u00eda en a\u00f1os anteriores, que bien podr\u00eda ser el \u00faltimo desfile del d\u00eda martes.<\/p>\n","protected":false},"excerpt":{"rendered":"<p>Alejandro \u00c1vila Veracruz, Ver.- A partir de este lunes inici\u00f3 la instalaci\u00f3n de gradas sobre el bulevar &#8220;Manuel \u00c1vila Camacho&#8221; para el Carnaval de Veracruz 2022, la alcaldesa Patricia Lobeira Rodr\u00edguez mencion\u00f3 que, el costo de las mismas aument\u00f3 10 pesos, es decir, costar\u00e1n 100 pesos al p\u00fablico general. La panista coment\u00f3 que volver\u00e1n las [&hellip;]<\/p>\n","protected":false},"author":1,"featured_media":28187,"comment_status":"open","ping_status":"open","sticky":false,"template":"","format":"standard","meta":{"_jetpack_memberships_contains_paid_content":false,"footnotes":""},"categories":[2],"tags":[],"class_list":["post-28186","post","type-post","status-publish","format-standard","has-post-thumbnail","hentry","category-estado"],"jetpack_featured_media_url":"https:\/\/encuentroinformativo.com.mx\/wp-content\/uploads\/2022\/06\/B2B576B3-015E-4835-BC4A-5AF6D9497907.jpeg","jetpack_sharing_enabled":true,"jetpack_likes_enabled":true,"amp_enabled":true,"_links":{"self":[{"href":"https:\/\/encuentroinformativo.com.mx\/index.php?rest_route=\/wp\/v2\/posts\/28186","targetHints":{"allow":["GET"]}}],"collection":[{"href":"https:\/\/encuentroinformativo.com.mx\/index.php?rest_route=\/wp\/v2\/posts"}],"about":[{"href":"https:\/\/encuentroinformativo.com.mx\/index.php?rest_route=\/wp\/v2\/types\/post"}],"author":[{"embeddable":true,"href":"https:\/\/encuentroinformativo.com.mx\/index.php?rest_route=\/wp\/v2\/users\/1"}],"replies":[{"embeddable":true,"href":"https:\/\/encuentroinformativo.com.mx\/index.php?rest_route=%2Fwp%2Fv2%2Fcomments&post=28186"}],"version-history":[{"count":1,"href":"https:\/\/encuentroinformativo.com.mx\/index.php?rest_route=\/wp\/v2\/posts\/28186\/revisions"}],"predecessor-version":[{"id":28188,"href":"https:\/\/encuentroinformativo.com.mx\/index.php?rest_route=\/wp\/v2\/posts\/28186\/revisions\/28188"}],"wp:featuredmedia":[{"embeddable":true,"href":"https:\/\/encuentroinformativo.com.mx\/index.php?rest_route=\/wp\/v2\/media\/28187"}],"wp:attachment":[{"href":"https:\/\/encuentroinformativo.com.mx\/index.php?rest_route=%2Fwp%2Fv2%2Fmedia&parent=28186"}],"wp:term":[{"taxonomy":"category","embeddable":true,"href":"https:\/\/encuentroinformativo.com.mx\/index.php?rest_route=%2Fwp%2Fv2%2Fcategories&post=28186"},{"taxonomy":"post_tag","embeddable":true,"href":"https:\/\/encuentroinformativo.com.mx\/index.php?rest_route=%2Fwp%2Fv2%2Ftags&post=28186"}],"curies":[{"name":"wp","href":"https:\/\/api.w.org\/{rel}","templated":true}]}}