{"id":2819,"date":"2020-05-26T16:13:08","date_gmt":"2020-05-26T21:13:08","guid":{"rendered":"https:\/\/encuentroinformativo.com\/?p=2819"},"modified":"2020-05-26T16:13:10","modified_gmt":"2020-05-26T21:13:10","slug":"autobuses-disminuiran-capacidad-para-pasajeros","status":"publish","type":"post","link":"https:\/\/encuentroinformativo.com.mx\/?p=2819","title":{"rendered":"Autobuses disminuir\u00e1n capacidad para pasajeros"},"content":{"rendered":"\n<p><strong>Juan Arcos <\/strong><\/p>\n\n\n\n<p>Xalapa, Ver.- La l\u00ednea de autobuses <em>Interbus<\/em> anunci\u00f3 en sus cuentas oficiales las medidas sanitarias que estar\u00e1n siendo aplicadas a partir de este 26 de mayo por disposici\u00f3n oficial.<\/p>\n\n\n\n<p>Mediante im\u00e1genes explican a los usuarios la manera en que deber\u00e1n hacer uso de las unidades de transporte p\u00fablico.<\/p>\n\n\n\n<p>En ese sentido, se detalla que los pasajeros deber\u00e1n ir sentados de lado de la ventanilla, tal y como lo instruy\u00f3 el gobernador Cuitl\u00e1huac Garc\u00eda Jim\u00e9nez.<\/p>\n\n\n\n<p>\u201cSi est\u00e1n ocupados los asientos en ventanilla, las personas que vayan paradas deber\u00e1n ir en zig zag, como muestra la imagen, por disposici\u00f3n de autoridades sanitarias. Esperamos contar con su apoyo y comprensi\u00f3n. Juntos saldremos adelante\u201d, se lee.<\/p>\n\n\n\n<p>Esta l\u00ednea de autobuses contempla brindar servicio solo a 28 pasajeros en cada unidad, para garantizar la sana distancia.<\/p>\n\n\n\n<p>Cabe mencionar que cada cami\u00f3n cuenta con 35 asientos; sin embargo, el n\u00famero de espacios aumenta de manera considerable por los pasajeros que viajan a pie.<\/p>\n\n\n\n<p>De acuerdo con lo dispuesto por el gobierno estatal, esto deb\u00eda aplicarse del 22 de mayo al 5 de junio.<\/p>\n\n\n\n<p>Cabe mencionar que tambi\u00e9n otras l\u00edneas de autobuses como el Servicio Urbano de Xalapa (SUX) est\u00e1n acatando las recomendaciones sanitarias, para evitar contagios de COVID-19.<\/p>\n","protected":false},"excerpt":{"rendered":"<p>Juan Arcos Xalapa, Ver.- La l\u00ednea de autobuses Interbus anunci\u00f3 en sus cuentas oficiales las medidas sanitarias que estar\u00e1n siendo aplicadas a partir de este 26 de mayo por disposici\u00f3n oficial. Mediante im\u00e1genes explican a los usuarios la manera en que deber\u00e1n hacer uso de las unidades de transporte p\u00fablico. En ese sentido, se detalla [&hellip;]<\/p>\n","protected":false},"author":1,"featured_media":2820,"comment_status":"open","ping_status":"open","sticky":false,"template":"","format":"standard","meta":{"_jetpack_memberships_contains_paid_content":false,"footnotes":""},"categories":[3],"tags":[],"class_list":["post-2819","post","type-post","status-publish","format-standard","has-post-thumbnail","hentry","category-xalapa"],"jetpack_featured_media_url":"https:\/\/encuentroinformativo.com.mx\/wp-content\/uploads\/2020\/05\/0ED220CF-FA31-4F19-9D1C-F87A34A6AD05.jpeg","jetpack_sharing_enabled":true,"jetpack_likes_enabled":true,"amp_enabled":true,"_links":{"self":[{"href":"https:\/\/encuentroinformativo.com.mx\/index.php?rest_route=\/wp\/v2\/posts\/2819","targetHints":{"allow":["GET"]}}],"collection":[{"href":"https:\/\/encuentroinformativo.com.mx\/index.php?rest_route=\/wp\/v2\/posts"}],"about":[{"href":"https:\/\/encuentroinformativo.com.mx\/index.php?rest_route=\/wp\/v2\/types\/post"}],"author":[{"embeddable":true,"href":"https:\/\/encuentroinformativo.com.mx\/index.php?rest_route=\/wp\/v2\/users\/1"}],"replies":[{"embeddable":true,"href":"https:\/\/encuentroinformativo.com.mx\/index.php?rest_route=%2Fwp%2Fv2%2Fcomments&post=2819"}],"version-history":[{"count":1,"href":"https:\/\/encuentroinformativo.com.mx\/index.php?rest_route=\/wp\/v2\/posts\/2819\/revisions"}],"predecessor-version":[{"id":2821,"href":"https:\/\/encuentroinformativo.com.mx\/index.php?rest_route=\/wp\/v2\/posts\/2819\/revisions\/2821"}],"wp:featuredmedia":[{"embeddable":true,"href":"https:\/\/encuentroinformativo.com.mx\/index.php?rest_route=\/wp\/v2\/media\/2820"}],"wp:attachment":[{"href":"https:\/\/encuentroinformativo.com.mx\/index.php?rest_route=%2Fwp%2Fv2%2Fmedia&parent=2819"}],"wp:term":[{"taxonomy":"category","embeddable":true,"href":"https:\/\/encuentroinformativo.com.mx\/index.php?rest_route=%2Fwp%2Fv2%2Fcategories&post=2819"},{"taxonomy":"post_tag","embeddable":true,"href":"https:\/\/encuentroinformativo.com.mx\/index.php?rest_route=%2Fwp%2Fv2%2Ftags&post=2819"}],"curies":[{"name":"wp","href":"https:\/\/api.w.org\/{rel}","templated":true}]}}