{"id":28195,"date":"2022-06-07T19:05:47","date_gmt":"2022-06-08T00:05:47","guid":{"rendered":"https:\/\/encuentroinformativo.com.mx\/?p=28195"},"modified":"2022-06-07T19:05:50","modified_gmt":"2022-06-08T00:05:50","slug":"participa-el-alcalde-ricardo-ahued-en-conmemoracion-del-dia-de-la-libertad-de-expresion","status":"publish","type":"post","link":"https:\/\/encuentroinformativo.com.mx\/?p=28195","title":{"rendered":"Participa el alcalde Ricardo Ahued en  conmemoraci\u00f3n del D\u00eda de la Libertad de Expresi\u00f3n"},"content":{"rendered":"\n<p><strong>*Se devela placa dedicada a Manuel Buend\u00eda y entrega parque en honor a Mario V\u00e1zquez Ra\u00f1a<\/strong>.<\/p>\n\n\n\n<p>Xalapa, Ver.- En el marco de la conmemoraci\u00f3n del D\u00eda de la Libertad de Expresi\u00f3n organizada por el Club de Periodistas de M\u00e9xico A.C., Delegaci\u00f3n Veracruz, el presidente municipal Ricardo Ahued Bardahuil particip\u00f3 en la develaci\u00f3n de una placa y la entrega de un parque en la colonia Periodistas.<\/p>\n\n\n\n<p>Se trata de acciones realizadas por personal de las direcciones de Obras P\u00fablicas, Medio Ambiente y Alumbrado para poner al servicio de la ciudadan\u00eda un espacio de convivencia que llevar\u00e1 el nombre de Mario V\u00e1zquez Ra\u00f1a, alguien a quien se recuerda por su compromiso social y con el deporte.<\/p>\n\n\n\n<p>Adem\u00e1s, se devel\u00f3 una placa en la calle Manuel Buend\u00eda Tellezgir\u00f3n de esta colonia, como un reconocimiento a este periodista a 38 a\u00f1os de su muerte. El alcalde Ricardo Ahued tambi\u00e9n asisti\u00f3 a la ceremonia de entrega de medallas, reconocimientos y homenajes p\u00f3stumos a Manuel Buend\u00eda, Felipe Bustos Garc\u00eda y Santos Reyes Cabrera, organizada por el Club en la Ex Hacienda Lucas Mart\u00edn.<\/p>\n\n\n\n<p>Ah\u00ed entreg\u00f3 la medalla con la que se reconoci\u00f3 la trayectoria del fundador del peri\u00f3dico Regeneraci\u00f3n, coordinador general de Comunicaci\u00f3n Social y vocero del Gobierno de la Rep\u00fablica, Jes\u00fas Ram\u00edrez Cuevas.<\/p>\n\n\n\n<p>La ceremonia cont\u00f3 con la participaci\u00f3n de la Orquesta Municipal de Xalapa, cuyos integrantes presentaron un programa de Danzones Sinf\u00f3nicos y un homenaje a la Sonora Santanera, bajo la direcci\u00f3n del maestro Cristian Texon.<\/p>\n\n\n\n<p>Asistieron las regidoras y regidores Mar\u00eda Guadalupe M\u00e1rquez Leonardo, Ana Cristina Hern\u00e1ndez Aburto, Daniel Fern\u00e1ndez Carri\u00f3n y Alfonso Marcos Garc\u00eda Castillo; el director general del Club de Periodistas de M\u00e9xico, A.C., Mouris Salloum George.<\/p>\n\n\n\n<p>La secretaria general del Club, Celeste S\u00e1enz de Miera; el presidente de la delegaci\u00f3n Veracruz, Jos\u00e9 Uriel Rosas Mart\u00ednez; el director del Diario de Xalapa, V\u00edctor Murgu\u00eda Velasco; Claudia Guerrero Mart\u00ednez y Hugo Cruz Ojeda, entre otros comunicadores del estado de Veracruz.<\/p>\n\n\n\n<p><\/p>\n","protected":false},"excerpt":{"rendered":"<p>*Se devela placa dedicada a Manuel Buend\u00eda y entrega parque en honor a Mario V\u00e1zquez Ra\u00f1a. Xalapa, Ver.- En el marco de la conmemoraci\u00f3n del D\u00eda de la Libertad de Expresi\u00f3n organizada por el Club de Periodistas de M\u00e9xico A.C., Delegaci\u00f3n Veracruz, el presidente municipal Ricardo Ahued Bardahuil particip\u00f3 en la develaci\u00f3n de una placa [&hellip;]<\/p>\n","protected":false},"author":1,"featured_media":28196,"comment_status":"open","ping_status":"open","sticky":false,"template":"","format":"standard","meta":{"_jetpack_memberships_contains_paid_content":false,"footnotes":""},"categories":[3],"tags":[],"class_list":["post-28195","post","type-post","status-publish","format-standard","has-post-thumbnail","hentry","category-xalapa"],"jetpack_featured_media_url":"https:\/\/encuentroinformativo.com.mx\/wp-content\/uploads\/2022\/06\/969884DB-60BD-4FF4-836F-79403DD7F9ED.jpeg","jetpack_sharing_enabled":true,"jetpack_likes_enabled":true,"amp_enabled":true,"_links":{"self":[{"href":"https:\/\/encuentroinformativo.com.mx\/index.php?rest_route=\/wp\/v2\/posts\/28195","targetHints":{"allow":["GET"]}}],"collection":[{"href":"https:\/\/encuentroinformativo.com.mx\/index.php?rest_route=\/wp\/v2\/posts"}],"about":[{"href":"https:\/\/encuentroinformativo.com.mx\/index.php?rest_route=\/wp\/v2\/types\/post"}],"author":[{"embeddable":true,"href":"https:\/\/encuentroinformativo.com.mx\/index.php?rest_route=\/wp\/v2\/users\/1"}],"replies":[{"embeddable":true,"href":"https:\/\/encuentroinformativo.com.mx\/index.php?rest_route=%2Fwp%2Fv2%2Fcomments&post=28195"}],"version-history":[{"count":1,"href":"https:\/\/encuentroinformativo.com.mx\/index.php?rest_route=\/wp\/v2\/posts\/28195\/revisions"}],"predecessor-version":[{"id":28197,"href":"https:\/\/encuentroinformativo.com.mx\/index.php?rest_route=\/wp\/v2\/posts\/28195\/revisions\/28197"}],"wp:featuredmedia":[{"embeddable":true,"href":"https:\/\/encuentroinformativo.com.mx\/index.php?rest_route=\/wp\/v2\/media\/28196"}],"wp:attachment":[{"href":"https:\/\/encuentroinformativo.com.mx\/index.php?rest_route=%2Fwp%2Fv2%2Fmedia&parent=28195"}],"wp:term":[{"taxonomy":"category","embeddable":true,"href":"https:\/\/encuentroinformativo.com.mx\/index.php?rest_route=%2Fwp%2Fv2%2Fcategories&post=28195"},{"taxonomy":"post_tag","embeddable":true,"href":"https:\/\/encuentroinformativo.com.mx\/index.php?rest_route=%2Fwp%2Fv2%2Ftags&post=28195"}],"curies":[{"name":"wp","href":"https:\/\/api.w.org\/{rel}","templated":true}]}}