{"id":28203,"date":"2022-06-08T09:45:25","date_gmt":"2022-06-08T14:45:25","guid":{"rendered":"https:\/\/encuentroinformativo.com.mx\/?p=28203"},"modified":"2022-06-08T10:06:39","modified_gmt":"2022-06-08T15:06:39","slug":"boca-del-rio-cambiara-torres-de-vigilancia-de-guardavidas","status":"publish","type":"post","link":"https:\/\/encuentroinformativo.com.mx\/?p=28203","title":{"rendered":"Boca del R\u00edo cambiar\u00e1 torres de vigilancia de guardavidas"},"content":{"rendered":"\n<p><strong>Alejandro \u00c1vila<\/strong><\/p>\n\n\n\n<p>Boca del R\u00edo, Ver.- Las 11 torres de vigilancia que utilizan los guardavidas del municipio de Boca del R\u00edo ser\u00e1n cambiadas debido al mal estado que presentan, confirm\u00f3 el alcalde Juan Manuel Unanue Abascal.<\/p>\n\n\n\n<p>El presidente municipal dijo que, a la par, se logr\u00f3 adquirir un equipo mec\u00e1nico de limpieza de playas, el cual apoyara al personal de Limpia P\u00fablica a realizar su labor con mayor prontitud.<\/p>\n\n\n\n<p>Unanue Abascal puntualiz\u00f3 que, durante los cuatro a\u00f1os de su administraci\u00f3n, el personal de Limpia P\u00fablica tiene como prioridad mantener impecables las playas del municipio, mismas que mantienen saneadas de lunes a domingo.<\/p>\n\n\n\n<p>&#8220;C\u00f3mo les dec\u00eda, ya tenemos pedidas las 11 torres salvavidas, qu\u00e9 como ustedes ver\u00e1n se encuentran en p\u00e9simas condiciones, y esto es por dos razones, en primer lugar porque ya representa un riesgo para el mismo cuerpo de Protecci\u00f3n Civil, para los mismos salvavidas, pero tambi\u00e9n ya es un riesgo de contaminaci\u00f3n del medio ambiente&#8221;.<\/p>\n\n\n\n<p>&#8220;Y a la par, independientemente el equipo que estamos todos los d\u00edas, se adquiri\u00f3, que ya estamos pr\u00f3ximos a recibir, un equipo espec\u00edfico para la limpieza de todas y cada una de estas playas, entonces es un complemento&#8221;, remat\u00f3.<\/p>\n","protected":false},"excerpt":{"rendered":"<p>Alejandro \u00c1vila Boca del R\u00edo, Ver.- Las 11 torres de vigilancia que utilizan los guardavidas del municipio de Boca del R\u00edo ser\u00e1n cambiadas debido al mal estado que presentan, confirm\u00f3 el alcalde Juan Manuel Unanue Abascal. El presidente municipal dijo que, a la par, se logr\u00f3 adquirir un equipo mec\u00e1nico de limpieza de playas, el [&hellip;]<\/p>\n","protected":false},"author":1,"featured_media":28204,"comment_status":"open","ping_status":"open","sticky":false,"template":"","format":"standard","meta":{"_jetpack_memberships_contains_paid_content":false,"footnotes":""},"categories":[2],"tags":[],"class_list":["post-28203","post","type-post","status-publish","format-standard","has-post-thumbnail","hentry","category-estado"],"jetpack_featured_media_url":"https:\/\/encuentroinformativo.com.mx\/wp-content\/uploads\/2022\/06\/02475B7C-58B3-4E54-B064-165BC5FB1205.jpeg","jetpack_sharing_enabled":true,"jetpack_likes_enabled":true,"amp_enabled":true,"_links":{"self":[{"href":"https:\/\/encuentroinformativo.com.mx\/index.php?rest_route=\/wp\/v2\/posts\/28203","targetHints":{"allow":["GET"]}}],"collection":[{"href":"https:\/\/encuentroinformativo.com.mx\/index.php?rest_route=\/wp\/v2\/posts"}],"about":[{"href":"https:\/\/encuentroinformativo.com.mx\/index.php?rest_route=\/wp\/v2\/types\/post"}],"author":[{"embeddable":true,"href":"https:\/\/encuentroinformativo.com.mx\/index.php?rest_route=\/wp\/v2\/users\/1"}],"replies":[{"embeddable":true,"href":"https:\/\/encuentroinformativo.com.mx\/index.php?rest_route=%2Fwp%2Fv2%2Fcomments&post=28203"}],"version-history":[{"count":1,"href":"https:\/\/encuentroinformativo.com.mx\/index.php?rest_route=\/wp\/v2\/posts\/28203\/revisions"}],"predecessor-version":[{"id":28205,"href":"https:\/\/encuentroinformativo.com.mx\/index.php?rest_route=\/wp\/v2\/posts\/28203\/revisions\/28205"}],"wp:featuredmedia":[{"embeddable":true,"href":"https:\/\/encuentroinformativo.com.mx\/index.php?rest_route=\/wp\/v2\/media\/28204"}],"wp:attachment":[{"href":"https:\/\/encuentroinformativo.com.mx\/index.php?rest_route=%2Fwp%2Fv2%2Fmedia&parent=28203"}],"wp:term":[{"taxonomy":"category","embeddable":true,"href":"https:\/\/encuentroinformativo.com.mx\/index.php?rest_route=%2Fwp%2Fv2%2Fcategories&post=28203"},{"taxonomy":"post_tag","embeddable":true,"href":"https:\/\/encuentroinformativo.com.mx\/index.php?rest_route=%2Fwp%2Fv2%2Ftags&post=28203"}],"curies":[{"name":"wp","href":"https:\/\/api.w.org\/{rel}","templated":true}]}}