{"id":28213,"date":"2022-06-08T14:27:06","date_gmt":"2022-06-08T19:27:06","guid":{"rendered":"https:\/\/encuentroinformativo.com.mx\/?p=28213"},"modified":"2022-06-08T14:27:09","modified_gmt":"2022-06-08T19:27:09","slug":"esperan-autoridades-excelente-regreso-de-fiestas-de-carnaval","status":"publish","type":"post","link":"https:\/\/encuentroinformativo.com.mx\/?p=28213","title":{"rendered":"Esperan autoridades \u201cexcelente\u201d regreso de fiestas de Carnaval"},"content":{"rendered":"\n<p><strong>Dar\u00edo Pale<\/strong><\/p>\n\n\n\n<p>Xalapa, Ver.- El gobernador del estado Cuitl\u00e1huac Garc\u00eda Jim\u00e9nez dio a conocer que con motivo de los d\u00edas del carnaval en la conurbaci\u00f3n Veracruz-Boca del R\u00edo al personal le otorgaran dos d\u00edas de asueto.<\/p>\n\n\n\n<p>En conferencia de prensa se\u00f1al\u00f3 que, ser\u00e1n lunes y martes confirmados hasta ahora \u00fanicamente para Veracruz, Boca del R\u00edo y Medell\u00edn, los xalape\u00f1os lo podr\u00e1n disfrutar el fin de semana.<\/p>\n\n\n\n<p>Dio a conocer que se pretende un \u201cexcelente regreso\u201d tras la suspensi\u00f3n de este evento con motivo de la pandemia por COVID y reconoci\u00f3 a los organizadores de este evento.<\/p>\n\n\n\n<p>Respecto a la participaci\u00f3n del Gobierno de Veracruz, el secretario de Turismo en la entidad, Iv\u00e1n Mart\u00ednez Olvera confirm\u00f3 que se financiar\u00e1 la participaci\u00f3n de un tercer artista que dijo, ser\u00e1 anunciado por la presidenta municipal Patricia Lobeira, con quien dijo, sigue una buena relaci\u00f3n.<\/p>\n\n\n\n<p>El Gobernador dijo que se decidi\u00f3 \u201capoyar un poco m\u00e1s\u201d para reactivar la econom\u00eda en dicha zona y promover la convivencia tras los dos a\u00f1os de la pandemia \u201cnos la merecemos todos\u201d subray\u00f3.<\/p>\n","protected":false},"excerpt":{"rendered":"<p>Dar\u00edo Pale Xalapa, Ver.- El gobernador del estado Cuitl\u00e1huac Garc\u00eda Jim\u00e9nez dio a conocer que con motivo de los d\u00edas del carnaval en la conurbaci\u00f3n Veracruz-Boca del R\u00edo al personal le otorgaran dos d\u00edas de asueto. En conferencia de prensa se\u00f1al\u00f3 que, ser\u00e1n lunes y martes confirmados hasta ahora \u00fanicamente para Veracruz, Boca del R\u00edo [&hellip;]<\/p>\n","protected":false},"author":1,"featured_media":28214,"comment_status":"open","ping_status":"open","sticky":false,"template":"","format":"standard","meta":{"_jetpack_memberships_contains_paid_content":false,"footnotes":""},"categories":[2],"tags":[],"class_list":["post-28213","post","type-post","status-publish","format-standard","has-post-thumbnail","hentry","category-estado"],"jetpack_featured_media_url":"https:\/\/encuentroinformativo.com.mx\/wp-content\/uploads\/2022\/06\/40638FA8-EA58-4279-B8EC-D8C54FC9AA72.jpeg","jetpack_sharing_enabled":true,"jetpack_likes_enabled":true,"amp_enabled":true,"_links":{"self":[{"href":"https:\/\/encuentroinformativo.com.mx\/index.php?rest_route=\/wp\/v2\/posts\/28213","targetHints":{"allow":["GET"]}}],"collection":[{"href":"https:\/\/encuentroinformativo.com.mx\/index.php?rest_route=\/wp\/v2\/posts"}],"about":[{"href":"https:\/\/encuentroinformativo.com.mx\/index.php?rest_route=\/wp\/v2\/types\/post"}],"author":[{"embeddable":true,"href":"https:\/\/encuentroinformativo.com.mx\/index.php?rest_route=\/wp\/v2\/users\/1"}],"replies":[{"embeddable":true,"href":"https:\/\/encuentroinformativo.com.mx\/index.php?rest_route=%2Fwp%2Fv2%2Fcomments&post=28213"}],"version-history":[{"count":1,"href":"https:\/\/encuentroinformativo.com.mx\/index.php?rest_route=\/wp\/v2\/posts\/28213\/revisions"}],"predecessor-version":[{"id":28215,"href":"https:\/\/encuentroinformativo.com.mx\/index.php?rest_route=\/wp\/v2\/posts\/28213\/revisions\/28215"}],"wp:featuredmedia":[{"embeddable":true,"href":"https:\/\/encuentroinformativo.com.mx\/index.php?rest_route=\/wp\/v2\/media\/28214"}],"wp:attachment":[{"href":"https:\/\/encuentroinformativo.com.mx\/index.php?rest_route=%2Fwp%2Fv2%2Fmedia&parent=28213"}],"wp:term":[{"taxonomy":"category","embeddable":true,"href":"https:\/\/encuentroinformativo.com.mx\/index.php?rest_route=%2Fwp%2Fv2%2Fcategories&post=28213"},{"taxonomy":"post_tag","embeddable":true,"href":"https:\/\/encuentroinformativo.com.mx\/index.php?rest_route=%2Fwp%2Fv2%2Ftags&post=28213"}],"curies":[{"name":"wp","href":"https:\/\/api.w.org\/{rel}","templated":true}]}}