{"id":28222,"date":"2022-06-08T17:31:19","date_gmt":"2022-06-08T22:31:19","guid":{"rendered":"https:\/\/encuentroinformativo.com.mx\/?p=28222"},"modified":"2022-06-08T16:12:36","modified_gmt":"2022-06-08T21:12:36","slug":"repunta-venta-de-zapatos-en-naolinco","status":"publish","type":"post","link":"https:\/\/encuentroinformativo.com.mx\/?p=28222","title":{"rendered":"Repunta venta de zapatos en Naolinco"},"content":{"rendered":"\n<p><strong>Juan Arcos<\/strong><\/p>\n\n\n\n<p>Naolinco, Ver.- Zapateros de Naolinco registraron un repunte en ventas del 70 por ciento, debido a que han bajado los contagios y las defunciones por Sars-Cov2 (Covid-19).<\/p>\n\n\n\n<p>El artesano Javier Ismael Hern\u00e1ndez Rivera indic\u00f3 que han notado una importante recuperaci\u00f3n econ\u00f3mica, despu\u00e9s de registrar p\u00e9rdidas totales por la contingencia sanitaria.<\/p>\n\n\n\n<p>El entrevistado asegur\u00f3 que afortunadamente no hubo cierres definitivos de zapater\u00edas por la crisis mencionada.<\/p>\n\n\n\n<p>&#8220;S\u00ed se est\u00e1 trabajando, pero no igual despu\u00e9s de una pandemia que s\u00ed nos vino afectar. Est\u00e1bamos en un cero por ciento, pero ahorita ya estamos en 60 y 70, no llegamos al cien. Cierres como tal no se tuvo, se sigui\u00f3 trabajando. No hubo cierre de talleres&#8221;, expres\u00f3.<\/p>\n\n\n\n<p>El productor de calzado indic\u00f3 que han iniciado las gestiones con autoridades municipales para organizar y realizar la feria del zapato en Naolinco, en pr\u00f3ximos meses.<\/p>\n\n\n\n<p>\u201cEsperamos que repunten m\u00e1s las ventas despu\u00e9s de las fiestas de primavera, los eventos culturales son muy importantes para nosotros, que se tome en cuenta tambi\u00e9n que se tiene que hacer una feria del calzado porque es donde nuestra producci\u00f3n puede aumentar\u201d, a\u00f1adi\u00f3.<\/p>\n\n\n\n<p>Se estima que el 80 por ciento de la poblaci\u00f3n de Naolinco se dedica a fabricar y comercializar calzado.<\/p>\n\n\n\n<p>Estos productos son transportados a la Ciudad de M\u00e9xico, as\u00ed como a otros pa\u00edses como Estados Unidos y Canad\u00e1; sin embargo, tambi\u00e9n son comercializados en Xalapa, el puerto de Veracruz y otras ciudades de la entidad.<\/p>\n","protected":false},"excerpt":{"rendered":"<p>Juan Arcos Naolinco, Ver.- Zapateros de Naolinco registraron un repunte en ventas del 70 por ciento, debido a que han bajado los contagios y las defunciones por Sars-Cov2 (Covid-19). El artesano Javier Ismael Hern\u00e1ndez Rivera indic\u00f3 que han notado una importante recuperaci\u00f3n econ\u00f3mica, despu\u00e9s de registrar p\u00e9rdidas totales por la contingencia sanitaria. El entrevistado asegur\u00f3 [&hellip;]<\/p>\n","protected":false},"author":1,"featured_media":28223,"comment_status":"open","ping_status":"open","sticky":false,"template":"","format":"standard","meta":{"_jetpack_memberships_contains_paid_content":false,"footnotes":""},"categories":[8],"tags":[],"class_list":["post-28222","post","type-post","status-publish","format-standard","has-post-thumbnail","hentry","category-region"],"jetpack_featured_media_url":"https:\/\/encuentroinformativo.com.mx\/wp-content\/uploads\/2022\/06\/4E4F47C1-E6D1-4091-8CC4-56C01FF5E22E.jpeg","jetpack_sharing_enabled":true,"jetpack_likes_enabled":true,"amp_enabled":true,"_links":{"self":[{"href":"https:\/\/encuentroinformativo.com.mx\/index.php?rest_route=\/wp\/v2\/posts\/28222","targetHints":{"allow":["GET"]}}],"collection":[{"href":"https:\/\/encuentroinformativo.com.mx\/index.php?rest_route=\/wp\/v2\/posts"}],"about":[{"href":"https:\/\/encuentroinformativo.com.mx\/index.php?rest_route=\/wp\/v2\/types\/post"}],"author":[{"embeddable":true,"href":"https:\/\/encuentroinformativo.com.mx\/index.php?rest_route=\/wp\/v2\/users\/1"}],"replies":[{"embeddable":true,"href":"https:\/\/encuentroinformativo.com.mx\/index.php?rest_route=%2Fwp%2Fv2%2Fcomments&post=28222"}],"version-history":[{"count":1,"href":"https:\/\/encuentroinformativo.com.mx\/index.php?rest_route=\/wp\/v2\/posts\/28222\/revisions"}],"predecessor-version":[{"id":28224,"href":"https:\/\/encuentroinformativo.com.mx\/index.php?rest_route=\/wp\/v2\/posts\/28222\/revisions\/28224"}],"wp:featuredmedia":[{"embeddable":true,"href":"https:\/\/encuentroinformativo.com.mx\/index.php?rest_route=\/wp\/v2\/media\/28223"}],"wp:attachment":[{"href":"https:\/\/encuentroinformativo.com.mx\/index.php?rest_route=%2Fwp%2Fv2%2Fmedia&parent=28222"}],"wp:term":[{"taxonomy":"category","embeddable":true,"href":"https:\/\/encuentroinformativo.com.mx\/index.php?rest_route=%2Fwp%2Fv2%2Fcategories&post=28222"},{"taxonomy":"post_tag","embeddable":true,"href":"https:\/\/encuentroinformativo.com.mx\/index.php?rest_route=%2Fwp%2Fv2%2Ftags&post=28222"}],"curies":[{"name":"wp","href":"https:\/\/api.w.org\/{rel}","templated":true}]}}