{"id":28225,"date":"2022-06-08T16:44:40","date_gmt":"2022-06-08T21:44:40","guid":{"rendered":"https:\/\/encuentroinformativo.com.mx\/?p=28225"},"modified":"2022-06-08T16:44:43","modified_gmt":"2022-06-08T21:44:43","slug":"consejo-administrativo-sera-responsable-del-aquarium-de-veracruz","status":"publish","type":"post","link":"https:\/\/encuentroinformativo.com.mx\/?p=28225","title":{"rendered":"Consejo administrativo ser\u00e1 responsable del Aquarium de Veracruz"},"content":{"rendered":"\n<p><strong>Dar\u00edo Pale <\/strong><\/p>\n\n\n\n<p>Xalapa, Ver.- Despu\u00e9s de la extinci\u00f3n del fideicomiso del acuario se administrar\u00e1 el <em>Aquarium de Veracruz<\/em> a trav\u00e9s de un Consejo de Administraci\u00f3n, en donde se invitar\u00e1 a c\u00e1maras empresariales, municipios y parte de la estructura de gobierno, as\u00ed lo inform\u00f3 el Secretario de Finanzas, Jos\u00e9 Luis Lima Franco.<\/p>\n\n\n\n<p>En conferencia de prensa se\u00f1al\u00f3 que la idea es que puedan aportar ideas para mejorar el trabajo y operaci\u00f3n del mismo, destac\u00f3 que como Presidente del Consejo de Administraci\u00f3n estar\u00e1 el Gobernador del Estado, Cuitl\u00e1huac Garc\u00eda Jim\u00e9nez.<\/p>\n\n\n\n<p>De igual forma se\u00f1al\u00f3 que de igual forma estar\u00e1n ocho vocales que conformar\u00e1n las distintas dependencias del estado, dos vocales que ocupar\u00e1n los municipios de Veracruz y Boca del R\u00edo y finalmente cinco vocales en las que estar\u00e1n presentes las c\u00e1maras empresariales.<\/p>\n\n\n\n<p>Dio a conocer que las dependencias que participar\u00e1n son las de Secretar\u00eda de Finanzas, Secretar\u00eda de Educaci\u00f3n, Secretar\u00eda de Medio Ambiente, Procuradur\u00eda de Protecci\u00f3n al Ambiente, Consejo Veracruzano de Investigaci\u00f3n Cient\u00edfica y Desarrollo Tecnol\u00f3gico, Secretar\u00eda de Desarrollo Econ\u00f3mico y Portuario, Secretar\u00eda de Turismo y Contralor\u00eda General del Estado.\u00a0Resalt\u00f3 que las dos vocales que ocupar\u00e1n los municipios ser\u00e1n para los Presidentes Municipales de Veracruz y Boca del R\u00edo.<\/p>\n\n\n\n<p>Los cinco vocales de la sociedad en donde participar\u00e1 la C\u00e1mara de la Industria Restaurantera y Alimentos Condimentados, el Consejo Metropolitano del Turismo, Operadores Tur\u00edsticos, la \u00a0Asociaci\u00f3n de Hoteles y Moteles y la C\u00e1mara Nacional de Comercio.<\/p>\n\n\n\n<p>Finalmente se\u00f1al\u00f3 que todos ellos tendr\u00e1n voz y voto y estos cargos ser\u00e1n de car\u00e1cter honor\u00edfico pues no tendr\u00e1n remuneraci\u00f3n econ\u00f3mica, y que en un mes se dar\u00e1 a conocer el estado en que se encontraron las especies.<\/p>\n","protected":false},"excerpt":{"rendered":"<p>Dar\u00edo Pale Xalapa, Ver.- Despu\u00e9s de la extinci\u00f3n del fideicomiso del acuario se administrar\u00e1 el Aquarium de Veracruz a trav\u00e9s de un Consejo de Administraci\u00f3n, en donde se invitar\u00e1 a c\u00e1maras empresariales, municipios y parte de la estructura de gobierno, as\u00ed lo inform\u00f3 el Secretario de Finanzas, Jos\u00e9 Luis Lima Franco. En conferencia de prensa [&hellip;]<\/p>\n","protected":false},"author":1,"featured_media":28226,"comment_status":"open","ping_status":"open","sticky":false,"template":"","format":"standard","meta":{"_jetpack_memberships_contains_paid_content":false,"footnotes":""},"categories":[2],"tags":[],"class_list":["post-28225","post","type-post","status-publish","format-standard","has-post-thumbnail","hentry","category-estado"],"jetpack_featured_media_url":"https:\/\/encuentroinformativo.com.mx\/wp-content\/uploads\/2022\/06\/1769C6E4-8D82-4300-856A-FD728ED98AB5.jpeg","jetpack_sharing_enabled":true,"jetpack_likes_enabled":true,"amp_enabled":true,"_links":{"self":[{"href":"https:\/\/encuentroinformativo.com.mx\/index.php?rest_route=\/wp\/v2\/posts\/28225","targetHints":{"allow":["GET"]}}],"collection":[{"href":"https:\/\/encuentroinformativo.com.mx\/index.php?rest_route=\/wp\/v2\/posts"}],"about":[{"href":"https:\/\/encuentroinformativo.com.mx\/index.php?rest_route=\/wp\/v2\/types\/post"}],"author":[{"embeddable":true,"href":"https:\/\/encuentroinformativo.com.mx\/index.php?rest_route=\/wp\/v2\/users\/1"}],"replies":[{"embeddable":true,"href":"https:\/\/encuentroinformativo.com.mx\/index.php?rest_route=%2Fwp%2Fv2%2Fcomments&post=28225"}],"version-history":[{"count":1,"href":"https:\/\/encuentroinformativo.com.mx\/index.php?rest_route=\/wp\/v2\/posts\/28225\/revisions"}],"predecessor-version":[{"id":28227,"href":"https:\/\/encuentroinformativo.com.mx\/index.php?rest_route=\/wp\/v2\/posts\/28225\/revisions\/28227"}],"wp:featuredmedia":[{"embeddable":true,"href":"https:\/\/encuentroinformativo.com.mx\/index.php?rest_route=\/wp\/v2\/media\/28226"}],"wp:attachment":[{"href":"https:\/\/encuentroinformativo.com.mx\/index.php?rest_route=%2Fwp%2Fv2%2Fmedia&parent=28225"}],"wp:term":[{"taxonomy":"category","embeddable":true,"href":"https:\/\/encuentroinformativo.com.mx\/index.php?rest_route=%2Fwp%2Fv2%2Fcategories&post=28225"},{"taxonomy":"post_tag","embeddable":true,"href":"https:\/\/encuentroinformativo.com.mx\/index.php?rest_route=%2Fwp%2Fv2%2Ftags&post=28225"}],"curies":[{"name":"wp","href":"https:\/\/api.w.org\/{rel}","templated":true}]}}