{"id":28242,"date":"2022-06-09T14:11:33","date_gmt":"2022-06-09T19:11:33","guid":{"rendered":"https:\/\/encuentroinformativo.com.mx\/?p=28242"},"modified":"2022-06-09T14:11:35","modified_gmt":"2022-06-09T19:11:35","slug":"procederan-legalmente-contra-manifestantes-de-emiliano-zapata-alcalde","status":"publish","type":"post","link":"https:\/\/encuentroinformativo.com.mx\/?p=28242","title":{"rendered":"Proceder\u00e1n legalmente contra manifestantes de Emiliano Zapata: Alcalde"},"content":{"rendered":"\n<p><strong>Juan Arcos <\/strong><\/p>\n\n\n\n<p>Emiliano Zapata, Ver.- El alcalde de Emiliano Zapata, Erick Ruiz Hern\u00e1ndez, amag\u00f3 con proceder legalmente contra las personas que se han manifestado en su municipio, toda vez que los l\u00edderes anteponen sus intereses personales sobre las necesidades de la gente.<\/p>\n\n\n\n<p>El funcionario municipal asegur\u00f3 que su administraci\u00f3n ha favorecido el di\u00e1logo, agotando todas las opciones para dar seguimiento a las peticiones de los quejosos.<\/p>\n\n\n\n<p>Cabe recordar que los manifestantes han ocasionado afectaciones por el bloqueo de la carretera federal Xalapa-Veracruz, a la altura de la localidad Dos R\u00edos.<\/p>\n\n\n\n<p>Esas personas tambi\u00e9n han protestado en el Palacio Municipal y han sido movilizadas por el dirigente de Progresa M\u00e9xico, Orfilio Garc\u00eda Ortiz, quien tiene un historial pol\u00edtico como \u201cchapul\u00edn\u201d, al brincar de un partido a otro.<\/p>\n\n\n\n<p>\u201cDesconozco el porqu\u00e9 adoptaron una postura de que a pesar de que se les estaba ofreciendo el apoyo, quisieron ir m\u00e1s all\u00e1. Lamentamos que se haya tomado esa postura\u201d, expres\u00f3 el edil.<\/p>\n\n\n\n<p>Erick Ruiz consider\u00f3 que los l\u00edderes de los manifestantes est\u00e1n lucrando con la necesidad de los pobladores del municipio de Emiliano Zapata, ubicado en la zona conurbada con Xalapa.<\/p>\n\n\n\n<p>\u201cSabemos al final de cuentas qui\u00e9nes est\u00e1n detr\u00e1s, ya es una radiograf\u00eda que tenemos completa; sin embargo, es una l\u00e1stima que antepongan sus intereses personales a las necesidades de la gente\u201d, enfatiz\u00f3.<\/p>\n","protected":false},"excerpt":{"rendered":"<p>Juan Arcos Emiliano Zapata, Ver.- El alcalde de Emiliano Zapata, Erick Ruiz Hern\u00e1ndez, amag\u00f3 con proceder legalmente contra las personas que se han manifestado en su municipio, toda vez que los l\u00edderes anteponen sus intereses personales sobre las necesidades de la gente. El funcionario municipal asegur\u00f3 que su administraci\u00f3n ha favorecido el di\u00e1logo, agotando todas [&hellip;]<\/p>\n","protected":false},"author":1,"featured_media":28243,"comment_status":"open","ping_status":"open","sticky":false,"template":"","format":"standard","meta":{"_jetpack_memberships_contains_paid_content":false,"footnotes":""},"categories":[8],"tags":[],"class_list":["post-28242","post","type-post","status-publish","format-standard","has-post-thumbnail","hentry","category-region"],"jetpack_featured_media_url":"https:\/\/encuentroinformativo.com.mx\/wp-content\/uploads\/2022\/06\/4E9E5164-20BF-4D7B-9402-44CD7D6E2013.jpeg","jetpack_sharing_enabled":true,"jetpack_likes_enabled":true,"amp_enabled":true,"_links":{"self":[{"href":"https:\/\/encuentroinformativo.com.mx\/index.php?rest_route=\/wp\/v2\/posts\/28242","targetHints":{"allow":["GET"]}}],"collection":[{"href":"https:\/\/encuentroinformativo.com.mx\/index.php?rest_route=\/wp\/v2\/posts"}],"about":[{"href":"https:\/\/encuentroinformativo.com.mx\/index.php?rest_route=\/wp\/v2\/types\/post"}],"author":[{"embeddable":true,"href":"https:\/\/encuentroinformativo.com.mx\/index.php?rest_route=\/wp\/v2\/users\/1"}],"replies":[{"embeddable":true,"href":"https:\/\/encuentroinformativo.com.mx\/index.php?rest_route=%2Fwp%2Fv2%2Fcomments&post=28242"}],"version-history":[{"count":1,"href":"https:\/\/encuentroinformativo.com.mx\/index.php?rest_route=\/wp\/v2\/posts\/28242\/revisions"}],"predecessor-version":[{"id":28244,"href":"https:\/\/encuentroinformativo.com.mx\/index.php?rest_route=\/wp\/v2\/posts\/28242\/revisions\/28244"}],"wp:featuredmedia":[{"embeddable":true,"href":"https:\/\/encuentroinformativo.com.mx\/index.php?rest_route=\/wp\/v2\/media\/28243"}],"wp:attachment":[{"href":"https:\/\/encuentroinformativo.com.mx\/index.php?rest_route=%2Fwp%2Fv2%2Fmedia&parent=28242"}],"wp:term":[{"taxonomy":"category","embeddable":true,"href":"https:\/\/encuentroinformativo.com.mx\/index.php?rest_route=%2Fwp%2Fv2%2Fcategories&post=28242"},{"taxonomy":"post_tag","embeddable":true,"href":"https:\/\/encuentroinformativo.com.mx\/index.php?rest_route=%2Fwp%2Fv2%2Ftags&post=28242"}],"curies":[{"name":"wp","href":"https:\/\/api.w.org\/{rel}","templated":true}]}}