{"id":28245,"date":"2022-06-09T14:23:32","date_gmt":"2022-06-09T19:23:32","guid":{"rendered":"https:\/\/encuentroinformativo.com.mx\/?p=28245"},"modified":"2022-06-09T14:23:35","modified_gmt":"2022-06-09T19:23:35","slug":"en-agosto-daran-a-conocer-lista-de-corrimiento-uv","status":"publish","type":"post","link":"https:\/\/encuentroinformativo.com.mx\/?p=28245","title":{"rendered":"En agosto, dar\u00e1n a conocer lista de corrimiento UV"},"content":{"rendered":"\n<p><strong>Alejandro \u00c1vila<\/strong><\/p>\n\n\n\n<p>Boca del R\u00edo, Ver.- Sin dar un d\u00eda en espec\u00edfico, ser\u00e1 durante la primera semana del mes de agosto cuando salga la lista de corrimiento de los aspirantes a ingresar a la Universidad Veracruzana, mencion\u00f3 el Vicerrector de la regi\u00f3n Veracruz &#8211; Boca del R\u00edo, Rub\u00e9n Edel Navarro.<\/p>\n\n\n\n<p>El acad\u00e9mico dijo que, de los 8 mil aspirantes en la regi\u00f3n, \u00fanicamente est\u00e1n disponibles 3 810 plazas para 16 facultades y m\u00e1s de 30 programas con los que cuenta la Universidad Veracruzana.<\/p>\n\n\n\n<p>&#8220;Ahorita no tengo la fecha aqu\u00ed pero, entiendo que va a ser en agosto, los primeros d\u00edas de agosto daremos a conocer la lista de corrimiento, como com\u00fanmente se ha hecho en la universidad&#8221;, se\u00f1al\u00f3.<\/p>\n\n\n\n<p>El vicerrector record\u00f3 que, se encuentran concluyendo las obras de rehabilitaci\u00f3n de infraestructura en la Facultad de Ingenier\u00eda; sin embargo, esto no ser\u00e1 problema, log\u00edstica y administrativamente, para recibir a los estudiantes en el siguiente ciclo escolar.<\/p>\n\n\n\n<p>Sobre el aumento en la matr\u00edcula estudiantil dijo que, la Universidad Veracruzana ha diversificado las opciones acad\u00e9micas, ofertando licenciaturas cursos o programas en l\u00ednea, qu\u00e9 permiten incrementar el n\u00famero de estudiantes.<\/p>\n","protected":false},"excerpt":{"rendered":"<p>Alejandro \u00c1vila Boca del R\u00edo, Ver.- Sin dar un d\u00eda en espec\u00edfico, ser\u00e1 durante la primera semana del mes de agosto cuando salga la lista de corrimiento de los aspirantes a ingresar a la Universidad Veracruzana, mencion\u00f3 el Vicerrector de la regi\u00f3n Veracruz &#8211; Boca del R\u00edo, Rub\u00e9n Edel Navarro. El acad\u00e9mico dijo que, de [&hellip;]<\/p>\n","protected":false},"author":1,"featured_media":28246,"comment_status":"open","ping_status":"open","sticky":false,"template":"","format":"standard","meta":{"_jetpack_memberships_contains_paid_content":false,"footnotes":""},"categories":[2],"tags":[],"class_list":["post-28245","post","type-post","status-publish","format-standard","has-post-thumbnail","hentry","category-estado"],"jetpack_featured_media_url":"https:\/\/encuentroinformativo.com.mx\/wp-content\/uploads\/2022\/06\/0F8C985B-E01B-40BD-AC06-C933C28D31B0.jpeg","jetpack_sharing_enabled":true,"jetpack_likes_enabled":true,"amp_enabled":true,"_links":{"self":[{"href":"https:\/\/encuentroinformativo.com.mx\/index.php?rest_route=\/wp\/v2\/posts\/28245","targetHints":{"allow":["GET"]}}],"collection":[{"href":"https:\/\/encuentroinformativo.com.mx\/index.php?rest_route=\/wp\/v2\/posts"}],"about":[{"href":"https:\/\/encuentroinformativo.com.mx\/index.php?rest_route=\/wp\/v2\/types\/post"}],"author":[{"embeddable":true,"href":"https:\/\/encuentroinformativo.com.mx\/index.php?rest_route=\/wp\/v2\/users\/1"}],"replies":[{"embeddable":true,"href":"https:\/\/encuentroinformativo.com.mx\/index.php?rest_route=%2Fwp%2Fv2%2Fcomments&post=28245"}],"version-history":[{"count":1,"href":"https:\/\/encuentroinformativo.com.mx\/index.php?rest_route=\/wp\/v2\/posts\/28245\/revisions"}],"predecessor-version":[{"id":28247,"href":"https:\/\/encuentroinformativo.com.mx\/index.php?rest_route=\/wp\/v2\/posts\/28245\/revisions\/28247"}],"wp:featuredmedia":[{"embeddable":true,"href":"https:\/\/encuentroinformativo.com.mx\/index.php?rest_route=\/wp\/v2\/media\/28246"}],"wp:attachment":[{"href":"https:\/\/encuentroinformativo.com.mx\/index.php?rest_route=%2Fwp%2Fv2%2Fmedia&parent=28245"}],"wp:term":[{"taxonomy":"category","embeddable":true,"href":"https:\/\/encuentroinformativo.com.mx\/index.php?rest_route=%2Fwp%2Fv2%2Fcategories&post=28245"},{"taxonomy":"post_tag","embeddable":true,"href":"https:\/\/encuentroinformativo.com.mx\/index.php?rest_route=%2Fwp%2Fv2%2Ftags&post=28245"}],"curies":[{"name":"wp","href":"https:\/\/api.w.org\/{rel}","templated":true}]}}