{"id":28254,"date":"2022-06-09T17:33:24","date_gmt":"2022-06-09T22:33:24","guid":{"rendered":"https:\/\/encuentroinformativo.com.mx\/?p=28254"},"modified":"2022-06-09T17:33:27","modified_gmt":"2022-06-09T22:33:27","slug":"reconoce-congreso-al-biologo-manuel-guevara-con-el-premio-al-merito-ambiental","status":"publish","type":"post","link":"https:\/\/encuentroinformativo.com.mx\/?p=28254","title":{"rendered":"Reconoce Congreso al bi\u00f3logo Manuel Guevara con el premio al m\u00e9rito ambiental"},"content":{"rendered":"\n<p><strong>*Al celebrarse los 500 a\u00f1os de la fundaci\u00f3n de Coatzacoalcos, los tres poderes del Estado entregan por primera vez esta distinci\u00f3n.<\/strong><\/p>\n\n\n\n<p>Xalapa, Ver.-En sesi\u00f3n solemne, celebrada en el Centro de Convenciones y Teatro de la ciudad de Coatzacoalcos, el Poder Legislativo, representado por su presidenta, diputada Cecilia Guevara; el Poder Ejecutivo, a cargo del gobernador Cuitl\u00e1huac Garc\u00eda Jim\u00e9nez, y el Poder Judicial, presidido por la magistrada Isabel In\u00e9s Romero Cruz, entregaron el premio al M\u00e9rito por la Defensa y Mejora del Medio Ambiente 2022 al bi\u00f3logo Manuel Guevara Huerta, por su aportaci\u00f3n al desarrollo de pol\u00edticas p\u00fablicas ambientales relativas al desarrollo sustentable y sostenible durante su vida profesional.<\/p>\n\n\n\n<p>Previamente, la secretaria de la Mesa Directiva, diputada Arianna Guadalupe \u00c1ngeles Aguirre, dio lectura al Acuerdo aprobado por el Pleno, mediante el que se declar\u00f3 sede provisional del Congreso del Estado al mencionado Centro de Convenciones para la realizaci\u00f3n de una sesi\u00f3n, con motivo de los 500 a\u00f1os de la fundaci\u00f3n de la Villa del Esp\u00edritu Santo, actualmente municipio de Coatzacoalcos, Veracruz.<\/p>\n\n\n\n<p>Con la presencia de la secretaria de Energ\u00eda, Roc\u00edo Nahle Garc\u00eda, mandos militares, legisladoras y legisladores federales, secretarios de gabinete, titulares de organismos aut\u00f3nomos, autoridades municipales, encabezadas por el presidente de Coatzacoalcos, Amado Jes\u00fas Cruz Malpica, y organizaciones civiles, dio inicio a la sesi\u00f3n solemne.<\/p>\n\n\n\n<p>Desde la tribuna, en nombre de la LXVI Legislatura, la presidenta de la Mesa Directiva, diputada Cecilia Guevara, expres\u00f3 su benepl\u00e1cito porque el Congreso se sume a los festejos por el quinto centenario del municipio de Coatzacoalcos, como un nuevo impulso a este polo de desarrollo del sur de Veracruz y del sureste del pa\u00eds.<\/p>\n\n\n\n<p>Al referirse al ciudadano galardonado, la legisladora dijo que al otorgarle la distinci\u00f3n, esta Soberan\u00eda reconoce las aportaciones del doctor Manuel Guevara Huerta a la creaci\u00f3n de pol\u00edticas p\u00fablicas ambientales relacionadas con el desarrollo sustentable y sostenible durante su vida profesional.<\/p>\n\n\n\n<p>\u201cAgradecemos su invaluable contribuci\u00f3n en la formaci\u00f3n de j\u00f3venes investigadores y promotores ambientales, a trav\u00e9s de proyectos en favor del medio ambiente, quienes han obtenido diez primeros lugares a nivel nacional y seis medallas internacionales\u201d, expres\u00f3.<\/p>\n\n\n\n<p>Cecilia Guevara agreg\u00f3 que el bi\u00f3logo y acad\u00e9mico es un verdadero orgullo para Veracruz y lo invit\u00f3 a sumar voluntades y esfuerzos para lograr un mundo en el que se pueda interactuar con el medio ambiente, sin causarle da\u00f1o y conserv\u00e1ndolo con toda su riqueza.<\/p>\n\n\n\n<p>En su discurso, el galardonado reconoci\u00f3 el esfuerzo del gobernador Cuitl\u00e1huac Garc\u00eda Jim\u00e9nez que, para este a\u00f1o y en concordancia con la Agenda 2030, ampli\u00f3 los presupuestos hasta en 110 por ciento para la Secretar\u00eda de Medio Ambiente (Sedema) y 400 por ciento para la procuraci\u00f3n de las leyes ambientales en el estado con el fin de salvaguardar y proteger los recursos naturales con los que cuenta la entidad.<\/p>\n\n\n\n<p>Dijo que los j\u00f3venes a quienes ha formado elaboran estrategias para participar en la cuarta revoluci\u00f3n tecnol\u00f3gica e industrial que demanda personas m\u00e1s preparadas. \u201cLa entidad se caracteriza por ser un semillero e incubadora de ello. A trav\u00e9s de mi aportaci\u00f3n y de proyectos sencillos, damos soluciones grandes, como la limpieza de cuerpos de agua, para poder compartirlo despu\u00e9s con estados hermanos y con el mundo entero\u201d.<\/p>\n\n\n\n<p>Por otra parte, se pronunci\u00f3 por poner en marcha un proyecto denominado J\u00f3venes Guardianes del Bosque y del Agua, para que en todo Veracruz se establezcan pilotos en escuelas de educaci\u00f3n tecnol\u00f3gica para poder conservar y cuidar los \u00e1rboles para las futuras generaciones.<\/p>\n\n\n\n<p>A su vez, el gobernador Cuitl\u00e1huac Garc\u00eda Jim\u00e9nez manifest\u00f3 que en esta ocasi\u00f3n \u201cresaltamos los m\u00e9ritos del doctor Manuel Guevara Huerta, su lucha decidida y tambi\u00e9n esta ferviente pasi\u00f3n por dejar un legado entre los j\u00f3venes durante 45 a\u00f1os por la preservaci\u00f3n del medio ambiente; todas sus acciones son loables y hoy lo llenan de m\u00e9rito a la honra p\u00fablica\u201d.<\/p>\n\n\n\n<p>El mandatario destac\u00f3 que, durante m\u00e1s de cuatro d\u00e9cadas como maestro, el prestigiado investigador se dedic\u00f3 a formar conciencia ambiental entre j\u00f3venes, alent\u00f3 a generaciones a siempre poner atenci\u00f3n en los temas ambientales de los que el desarrollo humano y tecnol\u00f3gico no se debe apartar.<\/p>\n\n\n\n<p>Al referir la convergencia hist\u00f3rica de los 500 a\u00f1os de Coatzacoalcos y la primera entrega de un reconocimiento a un defensor del medio ambiente, concluy\u00f3 diciendo que \u201cno hay desarrollo poblacional si no cuidamos al mismo tiempo nuestro medio ambiente, y ninguna de ambas acciones tiene significado si no son convalidadas por el beneficio del mismo pueblo. Adem\u00e1s, van m\u00e1s all\u00e1 cuando se forman los j\u00f3venes comprometidos con su propio futuro\u201d.<\/p>\n\n\n\n<p>M\u00e9ritos y trayectoria de Manuel Guevara Huerta<\/p>\n\n\n\n<p>Es licenciado en Biolog\u00eda y maestro en Ecolog\u00eda Forestal, ambas por la Universidad Veracruzana (UV), y doctor en Gesti\u00f3n Ambiental por la Universidad Popular Aut\u00f3noma de Veracruz (UPAV).<\/p>\n\n\n\n<p>Ha participado en la Federaci\u00f3n Veracruzana de Bi\u00f3logos y Profesionales del Ambiente, con el Colegio de Bi\u00f3logos de Veracruz, en la Asociaci\u00f3n de Bi\u00f3logos \u201cEnrique Beltr\u00e1n Castillo\u201d y con la Academia Nacional de Investigaci\u00f3n y Desarrollo Tecnol\u00f3gico.<\/p>\n\n\n\n<p>Fue parte del primer decanato de la Direcci\u00f3n General de Educaci\u00f3n Tecnol\u00f3gica Industrial (DGETI) en el 50 aniversario de su fundaci\u00f3n. Fue ganador estatal y finalista nacional del concurso \u201cDocentes extraordinarios Teacher Price 2021\u201d y represent\u00f3 a M\u00e9xico en el World Teacher Price 2022.<\/p>\n\n\n\n<p>Ha sido docente investigador del Centro de Bachillerato Tecnol\u00f3gico Industrial y de Servicios (CBTIS) n\u00famero 165, profesor de ecolog\u00eda y biolog\u00eda y presidente de la Academia Local de Investigaci\u00f3n y Desarrollo Tecnol\u00f3gico.<\/p>\n\n\n\n<p>Fue asesor t\u00e9cnico del Coordinador de Educaci\u00f3n Tecnol\u00f3gica en Veracruz, de 2000 a 2006; secretario t\u00e9cnico de la Academia Nacional de Investigaci\u00f3n y Desarrollo Tecnol\u00f3gico DGETI-SEMS, de 2002 a 2004; secretario acad\u00e9mico del Instituto de Ciencias Avanzadas Conacyt-SEP, de 2006 a 2008, y director del CBTIS 165 de Coatepec, de 2012 a 2014.<\/p>\n\n\n\n<p>En concursos nacionales e internacionales de ciencia, ha dirigido a estudiantes ganadores de primeros lugares como el obtenido en la Copa Science M\u00e9xico 2021, con el proyecto Ensayo de Estrategias para Disminuir la Desnutrici\u00f3n Infantil en Comunidades de Escasos Recursos de Veracruz, y el premio Nacional Juvenil del Agua 2021 con Sistema Integral para la Recuperaci\u00f3n de Agua Potable por Destilaci\u00f3n Solar.<\/p>\n\n\n\n<p>Tambi\u00e9n, primer lugar regional con el Condensador de Humedad a Base de Celdas Peltier para la Generaci\u00f3n de Agua Potable; segundo lugar con el proyecto Sebtar-Sistema Electrog\u00e9nico Bacteriano para el Tratamiento de Aguas Residuales, promovido por el Tecnol\u00f3gico de Monterrey y la Embajada de Suecia en M\u00e9xico, en 2019; primer lugar del XX Concurso Nacional de Prototipos Tecnol\u00f3gicos 2017 para representar a M\u00e9xico en la International Science Fair Taiw\u00e1n 2018, con Bioinsecticida vs Aedes Aegypti Vector del Dengue, Zika y Chikungunya.<\/p>\n\n\n\n<p>En septiembre de 2016, obtuvo el segundo lugar y medalla de excelencia en el Stockholm Junior Water Prize, en Estocolmo, Suecia, tras ganar el primer lugar del Premio Nacional del Agua con el proyecto Sistema Fitoelectrodepurador Agroecol\u00f3gico; adem\u00e1s de los dos terceros lugares en la Mostratec 2015, celebrado en Novo Hamburgo, Brasil, con los proyectos Sdarfo 2015-Al rescate de las Aguas Residuales y Filtro para Potabilizaci\u00f3n de Aguas por Electrolisis y Ozonizaci\u00f3n.<\/p>\n\n\n\n<p>Actualmente, basa sus investigaciones respecto al agua como indicador de sustentabilidad, sistemas ecol\u00f3gicos para tratamiento de aguas servidas y estrategia de educaci\u00f3n, capacitaci\u00f3n y comunicaci\u00f3n para la promoci\u00f3n de una cultura ambiental sustentable en Veracruz.<\/p>\n\n\n\n<figure class=\"wp-block-image size-large\"><img loading=\"lazy\" decoding=\"async\" width=\"1024\" height=\"683\" src=\"https:\/\/encuentroinformativo.com.mx\/wp-content\/uploads\/2022\/06\/37EFEBA7-01AB-4D82-8E3F-9141200DBB93.jpeg\" alt=\"\" class=\"wp-image-28256\" srcset=\"https:\/\/encuentroinformativo.com.mx\/wp-content\/uploads\/2022\/06\/37EFEBA7-01AB-4D82-8E3F-9141200DBB93.jpeg 1024w, https:\/\/encuentroinformativo.com.mx\/wp-content\/uploads\/2022\/06\/37EFEBA7-01AB-4D82-8E3F-9141200DBB93-300x200.jpeg 300w, https:\/\/encuentroinformativo.com.mx\/wp-content\/uploads\/2022\/06\/37EFEBA7-01AB-4D82-8E3F-9141200DBB93-768x512.jpeg 768w\" sizes=\"auto, (max-width: 1024px) 100vw, 1024px\" \/><\/figure>\n","protected":false},"excerpt":{"rendered":"<p>*Al celebrarse los 500 a\u00f1os de la fundaci\u00f3n de Coatzacoalcos, los tres poderes del Estado entregan por primera vez esta distinci\u00f3n. Xalapa, Ver.-En sesi\u00f3n solemne, celebrada en el Centro de Convenciones y Teatro de la ciudad de Coatzacoalcos, el Poder Legislativo, representado por su presidenta, diputada Cecilia Guevara; el Poder Ejecutivo, a cargo del gobernador [&hellip;]<\/p>\n","protected":false},"author":1,"featured_media":28255,"comment_status":"open","ping_status":"open","sticky":false,"template":"","format":"standard","meta":{"_jetpack_memberships_contains_paid_content":false,"footnotes":""},"categories":[2],"tags":[],"class_list":["post-28254","post","type-post","status-publish","format-standard","has-post-thumbnail","hentry","category-estado"],"jetpack_featured_media_url":"https:\/\/encuentroinformativo.com.mx\/wp-content\/uploads\/2022\/06\/86AC6EE7-2E82-43C5-9A67-1E1B6C09B4E5.jpeg","jetpack_sharing_enabled":true,"jetpack_likes_enabled":true,"amp_enabled":true,"_links":{"self":[{"href":"https:\/\/encuentroinformativo.com.mx\/index.php?rest_route=\/wp\/v2\/posts\/28254","targetHints":{"allow":["GET"]}}],"collection":[{"href":"https:\/\/encuentroinformativo.com.mx\/index.php?rest_route=\/wp\/v2\/posts"}],"about":[{"href":"https:\/\/encuentroinformativo.com.mx\/index.php?rest_route=\/wp\/v2\/types\/post"}],"author":[{"embeddable":true,"href":"https:\/\/encuentroinformativo.com.mx\/index.php?rest_route=\/wp\/v2\/users\/1"}],"replies":[{"embeddable":true,"href":"https:\/\/encuentroinformativo.com.mx\/index.php?rest_route=%2Fwp%2Fv2%2Fcomments&post=28254"}],"version-history":[{"count":1,"href":"https:\/\/encuentroinformativo.com.mx\/index.php?rest_route=\/wp\/v2\/posts\/28254\/revisions"}],"predecessor-version":[{"id":28257,"href":"https:\/\/encuentroinformativo.com.mx\/index.php?rest_route=\/wp\/v2\/posts\/28254\/revisions\/28257"}],"wp:featuredmedia":[{"embeddable":true,"href":"https:\/\/encuentroinformativo.com.mx\/index.php?rest_route=\/wp\/v2\/media\/28255"}],"wp:attachment":[{"href":"https:\/\/encuentroinformativo.com.mx\/index.php?rest_route=%2Fwp%2Fv2%2Fmedia&parent=28254"}],"wp:term":[{"taxonomy":"category","embeddable":true,"href":"https:\/\/encuentroinformativo.com.mx\/index.php?rest_route=%2Fwp%2Fv2%2Fcategories&post=28254"},{"taxonomy":"post_tag","embeddable":true,"href":"https:\/\/encuentroinformativo.com.mx\/index.php?rest_route=%2Fwp%2Fv2%2Ftags&post=28254"}],"curies":[{"name":"wp","href":"https:\/\/api.w.org\/{rel}","templated":true}]}}