{"id":28258,"date":"2022-06-10T09:29:12","date_gmt":"2022-06-10T14:29:12","guid":{"rendered":"https:\/\/encuentroinformativo.com.mx\/?p=28258"},"modified":"2022-06-10T09:29:17","modified_gmt":"2022-06-10T14:29:17","slug":"nahle-sergio-y-las-cartas-de-cuic","status":"publish","type":"post","link":"https:\/\/encuentroinformativo.com.mx\/?p=28258","title":{"rendered":"Nahle, Sergio y las cartas de Cuic"},"content":{"rendered":"\n<p><strong>Los Pol\u00edticos<\/strong><\/p>\n\n\n\n<p><strong>Salvador Mu\u00f1oz<\/strong><\/p>\n\n\n\n<p>Es comprensible hasta cierto punto que est\u00e9n bajando de la contienda por la Gubernatura a Roc\u00edo Nahle\u2026 no se le ven ganas\u2026<\/p>\n\n\n\n<p>Los nahlistas podr\u00edan decir que est\u00e1 entregada en cuerpo y alma al proyecto de Dos Bocas, encargo del Presidente, y por ende, una vez que concluya con \u00e9xito la encomienda, el premio a su esfuerzo puede ser la candidatura\u2026<\/p>\n\n\n\n<p>El problema es \u00e9se\u2026 estar\u00eda a la espera de la bendici\u00f3n del Se\u00f1or y no de convencer a los veracruzanos de sus intenciones pol\u00edticas para con la entidad.<\/p>\n\n\n\n<p>Distinto ser\u00eda verla quiz\u00e1s un viernes por la noche llegando a su ciudad natal\u2026 digo, a la ciudad que la adopt\u00f3; el s\u00e1bado y domingo haciendo recorridos con sus amigos veracruzanos, escuchando sus demandas, peticiones y por qu\u00e9 no, hasta reclamos\u2026<\/p>\n\n\n\n<p>O quiz\u00e1s escucharla atendiendo esa poblaci\u00f3n que a\u00f1o con a\u00f1o pide la recategorizaci\u00f3n de tarifas el\u00e9ctricas as\u00ed como lo hicieron en algunos puntos de Tabasco\u2026 pero no\u2026 pareciera que lo que menos quiere expresar la se\u00f1ora es su intenci\u00f3n de ser candidata\u2026 aunque respira, no aspira ni suspira\u2026<\/p>\n\n\n\n<p>Hablan incluso que en esa \u00faltima reuni\u00f3n que le armaron en el World Trade Center para que se diera vuelo hablando de las bondades de la Reforma El\u00e9ctrica, si bien tuvo un buen recibimiento el que le dieron los acarreados al mitin, no fue comparado con la calidez que se dej\u00f3 sentir cuando nombraron a Cuitl\u00e1huac all\u00ed presente\u2026 entonces vio ella el porqu\u00e9 y el por qui\u00e9n estaban congregados miles de veracruzanos ese d\u00eda\u2026 no era por ella.<\/p>\n\n\n\n<p>A ello sume la sacudida que se ha dado el gobernador de los afines a Nahle en su Gabinete aun cuando hay pulgas que nadie entiende el porqu\u00e9 las mantiene all\u00ed.<\/p>\n\n\n\n<p>Pareciera que Nahle, pues, baj\u00f3 los brazos\u2026 \u00bfy el camino libre para Sergio Guti\u00e9rrez Luna?<\/p>\n\n\n\n<p>Quien piense que el camino para el diputado nativo de Minatitl\u00e1n ha sido allanado, se equivoca\u2026<\/p>\n\n\n\n<p>En cuanto se percibe el descenso, ca\u00edda libre, desplome de Roc\u00edo Nahle, el gobernador Cuitl\u00e1huac parece que ordena mover sus piezas\u2026 y un colado: Lima Franco, Zenyazen Escobar y Juan Javier G\u00f3mez Cazar\u00edn. A quien meten con calzador, Bola 8.<\/p>\n\n\n\n<p>La mayor\u00eda podr\u00e1 entender Lima Franco, Zenyazen y muy forzada, la presencia de Bola 8 por ser miembros de su Gabinete\u2026 \u00bfpero el Jucopo?<\/p>\n\n\n\n<p>De un modo u otro, hay quienes ven sumisi\u00f3n de poderes ante el Ejecutivo, como es el caso del Poder Judicial o el Legislativo; en el caso de Morena, ellos lo ven como Coordinaci\u00f3n de Poderes\u2026 cuesti\u00f3n de enfoques, cuesti\u00f3n de prismas, pero lo m\u00e1s importante, cuesti\u00f3n del lado en que est\u00e9s\u2026 recuerden que estar en el Poder es de cierto modo estar en el lado correcto de la historia, no importa del partido que sea\u2026<\/p>\n\n\n\n<p>Para nadie es un secreto que G\u00f3mez Cazar\u00edn&nbsp; y el Ejecutivo trabajan as\u00ed, coordinados, en una sola l\u00ednea, y en muchas de las ocasiones, Lima Franco ha sido parte de estas concertaciones\u2026<\/p>\n\n\n\n<p>Si se pusiera en una l\u00ednea de arranque a los cuatro de Cuitl\u00e1huac con Sergio Guti\u00e9rrez, aparentemente la parejera ser\u00eda con Juan Javier G\u00f3mez Cazar\u00edn por una simple raz\u00f3n: estoy seguro que es el diputado local que en casi cinco a\u00f1os de fungir como tal, ha recorrido el estado no s\u00f3lo en funci\u00f3n de campa\u00f1as electorales, sino acompa\u00f1ando a sus <strong>compa\u00f1eros<\/strong> legisladores y hasta cumpliendo gestor\u00edas; agregue que a ras de suelo, empata con la raza, con la gente, con el pueblo y de cierto modo, cada uno en su estilo, es junto con Sergio, los m\u00e1s pasables que puede tener Morena en cuesti\u00f3n de trato.<\/p>\n\n\n\n<p>De ah\u00ed le sigue Zenyazen que en funci\u00f3n de su encargo, trata con la cantidad de gente multiplicada por maestros y padres de familia, sumando sindicatos\u2026 Lima Franco francamente no parece pol\u00edtico\u2026 queda muy rezagado. Dijeran: No se le ven patas de gallo ni en el cutis!<\/p>\n\n\n\n<p>Bola 8 viene haci\u00e9ndose campa\u00f1a desde hace rato pero a la vez es el promotor n\u00famero 1 de Sergio Guti\u00e9rrez Luna porque es el que m\u00e1s lo convoca y no s\u00f3lo por sus declaraciones, sino porque se copi\u00f3 el eslogan del de Minatitl\u00e1n: Bola 8 dice \u201cOrgullo veracruzano\u201d; Sergio, \u201cOrgullosamente veracruzano\u201d&#8230;<\/p>\n\n\n\n<p>Como sea, ante la desinflada de Nahle, Cuitl\u00e1huac tiene que agarrar su mazo y sacar sus barajas\u2026 su equipo sabe que hay que negociar en el Altiplano cuando se llegue el momento: T\u00fa tienes tu carta; yo tengo las m\u00edas\u2026 tres barajas para el Senado y m\u00ednimo, 20 para las curules federales y las pluris\u2026 Cuitl\u00e1huac ya est\u00e1 aprendiendo\u2026<\/p>\n\n\n\n<p><a href=\"mailto:smcainito@gmail.com\" target=\"_blank\" rel=\"noreferrer noopener\">smcainito@gmail.com<\/a><\/p>\n","protected":false},"excerpt":{"rendered":"<p>Los Pol\u00edticos Salvador Mu\u00f1oz Es comprensible hasta cierto punto que est\u00e9n bajando de la contienda por la Gubernatura a Roc\u00edo Nahle\u2026 no se le ven ganas\u2026 Los nahlistas podr\u00edan decir que est\u00e1 entregada en cuerpo y alma al proyecto de Dos Bocas, encargo del Presidente, y por ende, una vez que concluya con \u00e9xito la [&hellip;]<\/p>\n","protected":false},"author":1,"featured_media":387,"comment_status":"open","ping_status":"open","sticky":false,"template":"","format":"standard","meta":{"_jetpack_memberships_contains_paid_content":false,"footnotes":""},"categories":[11],"tags":[],"class_list":["post-28258","post","type-post","status-publish","format-standard","has-post-thumbnail","hentry","category-opinion"],"jetpack_featured_media_url":"https:\/\/encuentroinformativo.com.mx\/wp-content\/uploads\/2020\/03\/7CF8A22B-2764-47BE-8F7F-38FE9E5D6A2F.jpeg","jetpack_sharing_enabled":true,"jetpack_likes_enabled":true,"amp_enabled":true,"_links":{"self":[{"href":"https:\/\/encuentroinformativo.com.mx\/index.php?rest_route=\/wp\/v2\/posts\/28258","targetHints":{"allow":["GET"]}}],"collection":[{"href":"https:\/\/encuentroinformativo.com.mx\/index.php?rest_route=\/wp\/v2\/posts"}],"about":[{"href":"https:\/\/encuentroinformativo.com.mx\/index.php?rest_route=\/wp\/v2\/types\/post"}],"author":[{"embeddable":true,"href":"https:\/\/encuentroinformativo.com.mx\/index.php?rest_route=\/wp\/v2\/users\/1"}],"replies":[{"embeddable":true,"href":"https:\/\/encuentroinformativo.com.mx\/index.php?rest_route=%2Fwp%2Fv2%2Fcomments&post=28258"}],"version-history":[{"count":1,"href":"https:\/\/encuentroinformativo.com.mx\/index.php?rest_route=\/wp\/v2\/posts\/28258\/revisions"}],"predecessor-version":[{"id":28259,"href":"https:\/\/encuentroinformativo.com.mx\/index.php?rest_route=\/wp\/v2\/posts\/28258\/revisions\/28259"}],"wp:featuredmedia":[{"embeddable":true,"href":"https:\/\/encuentroinformativo.com.mx\/index.php?rest_route=\/wp\/v2\/media\/387"}],"wp:attachment":[{"href":"https:\/\/encuentroinformativo.com.mx\/index.php?rest_route=%2Fwp%2Fv2%2Fmedia&parent=28258"}],"wp:term":[{"taxonomy":"category","embeddable":true,"href":"https:\/\/encuentroinformativo.com.mx\/index.php?rest_route=%2Fwp%2Fv2%2Fcategories&post=28258"},{"taxonomy":"post_tag","embeddable":true,"href":"https:\/\/encuentroinformativo.com.mx\/index.php?rest_route=%2Fwp%2Fv2%2Ftags&post=28258"}],"curies":[{"name":"wp","href":"https:\/\/api.w.org\/{rel}","templated":true}]}}