{"id":28270,"date":"2022-06-10T16:26:42","date_gmt":"2022-06-10T21:26:42","guid":{"rendered":"https:\/\/encuentroinformativo.com.mx\/?p=28270"},"modified":"2022-06-10T16:26:46","modified_gmt":"2022-06-10T21:26:46","slug":"trabajadores-de-salud-acusan-que-siguen-sin-insumos","status":"publish","type":"post","link":"https:\/\/encuentroinformativo.com.mx\/?p=28270","title":{"rendered":"Trabajadores de salud, acusan que siguen sin insumos"},"content":{"rendered":"\n<p><strong>Juan Arcos <\/strong><\/p>\n\n\n\n<p>Xalapa, Ver.- Trabajadores del Sector Salud de Veracruz contin\u00faan careciendo de insumos y materiales de protecci\u00f3n en hospitales para protegerse del Sars-Cov2 (Covid-19).<\/p>\n\n\n\n<p>Cabe recordar que desde que inici\u00f3 la pandemia del coronavirus, en marzo de 2020, los empleados denunciaron dicha problem\u00e1tica en diversos nosocomios de la entidad.<\/p>\n\n\n\n<p>El secretario general de la secci\u00f3n 70 del Sindicato Nacional de Trabajadores de la Secretar\u00eda de Salud (SNTSA), Jes\u00fas Galicia Reyes, se\u00f1al\u00f3 que se han hecho diversas peticiones a las autoridades, sin obtener una respuesta favorable.<\/p>\n\n\n\n<p>\u201cLa falta de equipo de protecci\u00f3n ante la pandemia de Covid. Est\u00e1 creciendo esta ola y no hemos tenido el surtimiento de todos los insumos para la protecci\u00f3n de los trabajadores en todas las \u00e1reas\u201d, expres\u00f3.<\/p>\n\n\n\n<p>A\u00f1adi\u00f3 que durante los meses m\u00e1s \u00e1lgidos de la pandemia en la Secci\u00f3n 70 fue reportado el fallecimiento de 10 trabajadores; ocho en el \u00e1rea de vectores, un m\u00e9dico y un administrativo.<\/p>\n\n\n\n<p>\u201cPero l\u00f3gicamente no nada m\u00e1s fueron los trabajadores sino sus familiares porque el trabajo es de campo, directo, de casa por casa\u201d, enfatiz\u00f3.<\/p>\n\n\n\n<p>En ese sentido, el l\u00edder sindical indic\u00f3 qu\u00e9 hay muchos puntos pendientes por parte de las autoridades para que mejoren las condiciones laborales de los empleados.<\/p>\n\n\n\n<p>\u201cNo hemos sido convocados todav\u00eda a las mesas de trabajo con autoridades, estamos esperando que nuestro gobierno del estado y nuestra Secretar\u00eda de Salud nos convoque a todos los sindicatos para que estemos reunidos con ellos\u201d, remat\u00f3. <\/p>\n","protected":false},"excerpt":{"rendered":"<p>Juan Arcos Xalapa, Ver.- Trabajadores del Sector Salud de Veracruz contin\u00faan careciendo de insumos y materiales de protecci\u00f3n en hospitales para protegerse del Sars-Cov2 (Covid-19). Cabe recordar que desde que inici\u00f3 la pandemia del coronavirus, en marzo de 2020, los empleados denunciaron dicha problem\u00e1tica en diversos nosocomios de la entidad. El secretario general de la [&hellip;]<\/p>\n","protected":false},"author":1,"featured_media":28271,"comment_status":"open","ping_status":"open","sticky":false,"template":"","format":"standard","meta":{"_jetpack_memberships_contains_paid_content":false,"footnotes":""},"categories":[9],"tags":[],"class_list":["post-28270","post","type-post","status-publish","format-standard","has-post-thumbnail","hentry","category-salud"],"jetpack_featured_media_url":"https:\/\/encuentroinformativo.com.mx\/wp-content\/uploads\/2022\/06\/D8C0B70D-4416-47FF-93E5-C9F0A6E57223.jpeg","jetpack_sharing_enabled":true,"jetpack_likes_enabled":true,"amp_enabled":true,"_links":{"self":[{"href":"https:\/\/encuentroinformativo.com.mx\/index.php?rest_route=\/wp\/v2\/posts\/28270","targetHints":{"allow":["GET"]}}],"collection":[{"href":"https:\/\/encuentroinformativo.com.mx\/index.php?rest_route=\/wp\/v2\/posts"}],"about":[{"href":"https:\/\/encuentroinformativo.com.mx\/index.php?rest_route=\/wp\/v2\/types\/post"}],"author":[{"embeddable":true,"href":"https:\/\/encuentroinformativo.com.mx\/index.php?rest_route=\/wp\/v2\/users\/1"}],"replies":[{"embeddable":true,"href":"https:\/\/encuentroinformativo.com.mx\/index.php?rest_route=%2Fwp%2Fv2%2Fcomments&post=28270"}],"version-history":[{"count":1,"href":"https:\/\/encuentroinformativo.com.mx\/index.php?rest_route=\/wp\/v2\/posts\/28270\/revisions"}],"predecessor-version":[{"id":28272,"href":"https:\/\/encuentroinformativo.com.mx\/index.php?rest_route=\/wp\/v2\/posts\/28270\/revisions\/28272"}],"wp:featuredmedia":[{"embeddable":true,"href":"https:\/\/encuentroinformativo.com.mx\/index.php?rest_route=\/wp\/v2\/media\/28271"}],"wp:attachment":[{"href":"https:\/\/encuentroinformativo.com.mx\/index.php?rest_route=%2Fwp%2Fv2%2Fmedia&parent=28270"}],"wp:term":[{"taxonomy":"category","embeddable":true,"href":"https:\/\/encuentroinformativo.com.mx\/index.php?rest_route=%2Fwp%2Fv2%2Fcategories&post=28270"},{"taxonomy":"post_tag","embeddable":true,"href":"https:\/\/encuentroinformativo.com.mx\/index.php?rest_route=%2Fwp%2Fv2%2Ftags&post=28270"}],"curies":[{"name":"wp","href":"https:\/\/api.w.org\/{rel}","templated":true}]}}