{"id":28279,"date":"2022-06-10T16:55:49","date_gmt":"2022-06-10T21:55:49","guid":{"rendered":"https:\/\/encuentroinformativo.com.mx\/?p=28279"},"modified":"2022-06-10T16:55:53","modified_gmt":"2022-06-10T21:55:53","slug":"en-tlaltetela-pintaran-mural-para-viridiana","status":"publish","type":"post","link":"https:\/\/encuentroinformativo.com.mx\/?p=28279","title":{"rendered":"En Tlaltetela, pintar\u00e1n mural para Viridiana"},"content":{"rendered":"\n<p><strong>Juan Arcos <\/strong><\/p>\n\n\n\n<p>Xalapa, Ver.- Con motivo del cumplea\u00f1os de Viridiana Moreno V\u00e1squez, desaparecida el pasado 18 de mayo, sus familiares y amigos piden ayuda de la poblaci\u00f3n en general para la donaci\u00f3n de una barba y all\u00ed hacer un mural simb\u00f3lico.<\/p>\n\n\n\n<p>La imagen plasmada por artistas locales quedar\u00e1 en el municipio de Tlaltetela, lugar de donde era originaria Viridiana, la joven de 31 a\u00f1os que sali\u00f3 de casa a una entrevista de trabajo en ciudad Cardel, municipio de La Antigua, y no volvi\u00f3.<\/p>\n\n\n\n<p>\u201cTiene que ser en la entrada al pueblo de preferencia donde se encuentra su nicho o en alg\u00fan lugar conmemorativo del pueblo que haya espacio suficiente\u201d, se lee en la convocatoria que circula en redes sociales.<\/p>\n\n\n\n<p>El mural ser\u00eda una imagen de Viri, ya que es ella a quien se trata de no olvidar y que as\u00ed como su gente no olvida, es una forma de recordar que las autoridades a\u00fan no la han localizado.<\/p>\n\n\n\n<p>\u201cA cualquier artista urbano se le convoca para plasmar su arte en conmemoraci\u00f3n de nuestra hermana Viridiana Moreno. Los artistas que quieran participar deber\u00e1n tomar en cuenta que es activismo y tendr\u00e1n que llevar su propio material. Se les dar\u00e1 difusi\u00f3n en la p\u00e1gina y a nivel nacional por su participaci\u00f3n y obra urbana\u201d, indican.<\/p>\n\n\n\n<p>\u201cLos padres y amigos, as\u00ed como el pueblo en general les estar\u00e1n agradecidos con dicha participaci\u00f3n ya que la memoria de Viri a\u00fan est\u00e1 con nosotros y con este mural representar\u00e1 m\u00e1s que una obra, se har\u00e1 presente en el pueblo que lucha con todo para hacerle justicia\u201d, a\u00f1adieron.<\/p>\n\n\n\n<p>Cabe mencionar que la Fiscal\u00eda General del Estado presumi\u00f3 el esclarecimiento del caso y detuvo a Greek \u201cN\u201d y Damaris \u201cN\u201d, como presuntos responsables del presunto feminicidio de Viridiana.<\/p>\n\n\n\n<p>Greek \u201cN\u201d es se\u00f1alado de asesino serial por presuntos casos de feminicidios tambi\u00e9n ocurridos en Puebla, Quer\u00e9taro y otras entidades.<\/p>\n","protected":false},"excerpt":{"rendered":"<p>Juan Arcos Xalapa, Ver.- Con motivo del cumplea\u00f1os de Viridiana Moreno V\u00e1squez, desaparecida el pasado 18 de mayo, sus familiares y amigos piden ayuda de la poblaci\u00f3n en general para la donaci\u00f3n de una barba y all\u00ed hacer un mural simb\u00f3lico. La imagen plasmada por artistas locales quedar\u00e1 en el municipio de Tlaltetela, lugar de [&hellip;]<\/p>\n","protected":false},"author":1,"featured_media":28280,"comment_status":"open","ping_status":"open","sticky":false,"template":"","format":"standard","meta":{"_jetpack_memberships_contains_paid_content":false,"footnotes":""},"categories":[8],"tags":[],"class_list":["post-28279","post","type-post","status-publish","format-standard","has-post-thumbnail","hentry","category-region"],"jetpack_featured_media_url":"https:\/\/encuentroinformativo.com.mx\/wp-content\/uploads\/2022\/06\/6AC79080-1FC3-46E1-B8DB-EE89B401C316.jpeg","jetpack_sharing_enabled":true,"jetpack_likes_enabled":true,"amp_enabled":true,"_links":{"self":[{"href":"https:\/\/encuentroinformativo.com.mx\/index.php?rest_route=\/wp\/v2\/posts\/28279","targetHints":{"allow":["GET"]}}],"collection":[{"href":"https:\/\/encuentroinformativo.com.mx\/index.php?rest_route=\/wp\/v2\/posts"}],"about":[{"href":"https:\/\/encuentroinformativo.com.mx\/index.php?rest_route=\/wp\/v2\/types\/post"}],"author":[{"embeddable":true,"href":"https:\/\/encuentroinformativo.com.mx\/index.php?rest_route=\/wp\/v2\/users\/1"}],"replies":[{"embeddable":true,"href":"https:\/\/encuentroinformativo.com.mx\/index.php?rest_route=%2Fwp%2Fv2%2Fcomments&post=28279"}],"version-history":[{"count":1,"href":"https:\/\/encuentroinformativo.com.mx\/index.php?rest_route=\/wp\/v2\/posts\/28279\/revisions"}],"predecessor-version":[{"id":28281,"href":"https:\/\/encuentroinformativo.com.mx\/index.php?rest_route=\/wp\/v2\/posts\/28279\/revisions\/28281"}],"wp:featuredmedia":[{"embeddable":true,"href":"https:\/\/encuentroinformativo.com.mx\/index.php?rest_route=\/wp\/v2\/media\/28280"}],"wp:attachment":[{"href":"https:\/\/encuentroinformativo.com.mx\/index.php?rest_route=%2Fwp%2Fv2%2Fmedia&parent=28279"}],"wp:term":[{"taxonomy":"category","embeddable":true,"href":"https:\/\/encuentroinformativo.com.mx\/index.php?rest_route=%2Fwp%2Fv2%2Fcategories&post=28279"},{"taxonomy":"post_tag","embeddable":true,"href":"https:\/\/encuentroinformativo.com.mx\/index.php?rest_route=%2Fwp%2Fv2%2Ftags&post=28279"}],"curies":[{"name":"wp","href":"https:\/\/api.w.org\/{rel}","templated":true}]}}