{"id":28284,"date":"2022-06-11T13:01:58","date_gmt":"2022-06-11T18:01:58","guid":{"rendered":"https:\/\/encuentroinformativo.com.mx\/?p=28284"},"modified":"2022-06-11T13:02:00","modified_gmt":"2022-06-11T18:02:00","slug":"promueve-medellin-creacion-de-parque-agroindustrial-en-foro-internacional","status":"publish","type":"post","link":"https:\/\/encuentroinformativo.com.mx\/?p=28284","title":{"rendered":"Promueve Medell\u00edn creaci\u00f3n de Parque Agroindustrial en foro internacional"},"content":{"rendered":"\n<p><strong>Alejandro \u00c1vila<\/strong><\/p>\n\n\n\n<p>Medell\u00edn de Bravo, Ver.- Dentro del Foro Internacional Agroindustrial realizado en la Ciudad de M\u00e9xico, el alcalde de Medell\u00edn de Bravo, Marcos Isle\u00f1o Andrade, promovi\u00f3 ante empresarios la creaci\u00f3n del Parque Agroindustrial, con la finalidad de impulsar las ventas de productores primarios en el municipio.<\/p>\n\n\n\n<p>En video difundido a trav\u00e9s de sus redes sociales, el mun\u00edcipe coment\u00f3 que, el objetivo principal es crear un desarrollo industrial que ayude al crecimiento del campo, generando a su vez beneficios para los productores y creando empleos para los medellinenses.<\/p>\n\n\n\n<p>\u201cVinimos a promocionar a Medell\u00edn. Se trata de generar un v\u00ednculo con empresarios y productores para obtener ambos un beneficio. En Medell\u00edn tenemos miles de hect\u00e1reas de pi\u00f1a y ca\u00f1a y debemos aprovechar estos recursos para detonar la econom\u00eda de nuestro municipio\u201d.<\/p>\n\n\n\n<p>Detall\u00f3 que durante la participaci\u00f3n de la delegaci\u00f3n de Medell\u00edn en el foro se concretaron negociaciones con algunos empresarios, quienes se interesaron en los productos que ofrece el municipio.<\/p>\n\n\n\n<p>\u201cYa hemos generado v\u00ednculos con empresarios que nos han pedido producci\u00f3n de pi\u00f1a. Se tuvieron reuniones con empresarios de Soriana e Inbursa, que han solicitado varias toneladas de pi\u00f1a a la semana, por lo que tendremos que organizar a todos los productores para entregar este producto\u201d,&nbsp; asegur\u00f3.<\/p>\n\n\n\n<p>Isle\u00f1o Andrade agradeci\u00f3 la invitaci\u00f3n para participar en este evento cuya finalidad es proyectar a nivel nacional e internacional los recursos que Medell\u00edn puede ofrecer, adem\u00e1s de atraer inversiones para potencializar el crecimiento y la econom\u00eda de la regi\u00f3n.<\/p>\n\n\n\n<p>En el evento tambi\u00e9n participaron el Director de Educaci\u00f3n, Turismo y Cultura, Cuauht\u00e9moc Salom\u00f3n M\u00e9ndez Guzm\u00e1n, y El Director de&nbsp; Fomento Agropecuario, V\u00edctor Manuel Rodr\u00edguez G\u00f3mez.<\/p>\n","protected":false},"excerpt":{"rendered":"<p>Alejandro \u00c1vila Medell\u00edn de Bravo, Ver.- Dentro del Foro Internacional Agroindustrial realizado en la Ciudad de M\u00e9xico, el alcalde de Medell\u00edn de Bravo, Marcos Isle\u00f1o Andrade, promovi\u00f3 ante empresarios la creaci\u00f3n del Parque Agroindustrial, con la finalidad de impulsar las ventas de productores primarios en el municipio. En video difundido a trav\u00e9s de sus redes [&hellip;]<\/p>\n","protected":false},"author":1,"featured_media":28285,"comment_status":"open","ping_status":"open","sticky":false,"template":"","format":"standard","meta":{"_jetpack_memberships_contains_paid_content":false,"footnotes":""},"categories":[2],"tags":[],"class_list":["post-28284","post","type-post","status-publish","format-standard","has-post-thumbnail","hentry","category-estado"],"jetpack_featured_media_url":"https:\/\/encuentroinformativo.com.mx\/wp-content\/uploads\/2022\/06\/74269625-28C9-4FB7-A259-0D10F0057643.jpeg","jetpack_sharing_enabled":true,"jetpack_likes_enabled":true,"amp_enabled":true,"_links":{"self":[{"href":"https:\/\/encuentroinformativo.com.mx\/index.php?rest_route=\/wp\/v2\/posts\/28284","targetHints":{"allow":["GET"]}}],"collection":[{"href":"https:\/\/encuentroinformativo.com.mx\/index.php?rest_route=\/wp\/v2\/posts"}],"about":[{"href":"https:\/\/encuentroinformativo.com.mx\/index.php?rest_route=\/wp\/v2\/types\/post"}],"author":[{"embeddable":true,"href":"https:\/\/encuentroinformativo.com.mx\/index.php?rest_route=\/wp\/v2\/users\/1"}],"replies":[{"embeddable":true,"href":"https:\/\/encuentroinformativo.com.mx\/index.php?rest_route=%2Fwp%2Fv2%2Fcomments&post=28284"}],"version-history":[{"count":1,"href":"https:\/\/encuentroinformativo.com.mx\/index.php?rest_route=\/wp\/v2\/posts\/28284\/revisions"}],"predecessor-version":[{"id":28286,"href":"https:\/\/encuentroinformativo.com.mx\/index.php?rest_route=\/wp\/v2\/posts\/28284\/revisions\/28286"}],"wp:featuredmedia":[{"embeddable":true,"href":"https:\/\/encuentroinformativo.com.mx\/index.php?rest_route=\/wp\/v2\/media\/28285"}],"wp:attachment":[{"href":"https:\/\/encuentroinformativo.com.mx\/index.php?rest_route=%2Fwp%2Fv2%2Fmedia&parent=28284"}],"wp:term":[{"taxonomy":"category","embeddable":true,"href":"https:\/\/encuentroinformativo.com.mx\/index.php?rest_route=%2Fwp%2Fv2%2Fcategories&post=28284"},{"taxonomy":"post_tag","embeddable":true,"href":"https:\/\/encuentroinformativo.com.mx\/index.php?rest_route=%2Fwp%2Fv2%2Ftags&post=28284"}],"curies":[{"name":"wp","href":"https:\/\/api.w.org\/{rel}","templated":true}]}}