{"id":28287,"date":"2022-06-11T13:08:34","date_gmt":"2022-06-11T18:08:34","guid":{"rendered":"https:\/\/encuentroinformativo.com.mx\/?p=28287"},"modified":"2022-06-11T13:08:38","modified_gmt":"2022-06-11T18:08:38","slug":"localizan-basurero-clandestino-junto-a-laguna-de-san-julian","status":"publish","type":"post","link":"https:\/\/encuentroinformativo.com.mx\/?p=28287","title":{"rendered":"Localizan basurero clandestino junto a laguna de San Juli\u00e1n"},"content":{"rendered":"\n<p><strong>Alejandro \u00c1vila<\/strong><\/p>\n\n\n\n<p>Veracruz, Ver.- El pasado domingo durante el &#8220;Tequio por la laguna de San Juli\u00e1n&#8221;, se logr\u00f3 visualizar un basurero clandestino a un costado de este cuerpo de agua, coment\u00f3 Brenda Joan Soto, directora de Vinculaci\u00f3n Social y Cultura Ambiental de la Secretar\u00eda de Medio Ambiente de Veracruz.<\/p>\n\n\n\n<p>Ante esta situaci\u00f3n, la Procuradur\u00eda de Medio Ambiente (PMA) realiz\u00f3 una investigaci\u00f3n y logr\u00f3 identificar a los posibles responsables, por lo que har\u00e1 la denuncia correspondiente.<\/p>\n\n\n\n<p>&#8220;S\u00ed, lamentablemente son ciudadanos de por ah\u00ed cerca que llegaron a comprar terrenos, que viven ah\u00ed, y qu\u00e9 son los est\u00e1n generando est\u00e1s contaminaciones (\u2026) ya la PMA se encargar\u00e1, qu\u00e9 es la instancia correspondiente, y ellos son los que le dar\u00e1n el seguimiento de adecuado&#8221;, subray\u00f3.<\/p>\n\n\n\n<p>La funcionaria estatal lament\u00f3 la falta de coincidencia de los habitantes de la zona, quienes han alertado a las autoridades gubernamentales sobre la necesidad del rescate de la mencionada laguna.<\/p>\n\n\n\n<p>&#8220;Lo que queremos es que las personas entiendan que la basura tiene lugar de disposici\u00f3n final, qu\u00e9 debe de ser alg\u00fan relleno sanitario o alguna empresa recicladora, no que los tiren al lado de los cuerpos de agua, que al final va a llover, se van a generar lixiviados y van a dar al agua (\u2026) fue a unos cuantos metros, a una vuelta para entrar, se limpi\u00f3 con m\u00e1quinas y todo se llev\u00f3 a disposici\u00f3n final adecuada, pero s\u00ed fue alrededor de unos 400 kilogramos de residuos&#8221;, apunt\u00f3.<\/p>\n","protected":false},"excerpt":{"rendered":"<p>Alejandro \u00c1vila Veracruz, Ver.- El pasado domingo durante el &#8220;Tequio por la laguna de San Juli\u00e1n&#8221;, se logr\u00f3 visualizar un basurero clandestino a un costado de este cuerpo de agua, coment\u00f3 Brenda Joan Soto, directora de Vinculaci\u00f3n Social y Cultura Ambiental de la Secretar\u00eda de Medio Ambiente de Veracruz. Ante esta situaci\u00f3n, la Procuradur\u00eda de [&hellip;]<\/p>\n","protected":false},"author":1,"featured_media":28288,"comment_status":"open","ping_status":"open","sticky":false,"template":"","format":"standard","meta":{"_jetpack_memberships_contains_paid_content":false,"footnotes":""},"categories":[2],"tags":[],"class_list":["post-28287","post","type-post","status-publish","format-standard","has-post-thumbnail","hentry","category-estado"],"jetpack_featured_media_url":"https:\/\/encuentroinformativo.com.mx\/wp-content\/uploads\/2022\/06\/0F35E295-6D30-493B-86CC-B1DDE0A15522.jpeg","jetpack_sharing_enabled":true,"jetpack_likes_enabled":true,"amp_enabled":true,"_links":{"self":[{"href":"https:\/\/encuentroinformativo.com.mx\/index.php?rest_route=\/wp\/v2\/posts\/28287","targetHints":{"allow":["GET"]}}],"collection":[{"href":"https:\/\/encuentroinformativo.com.mx\/index.php?rest_route=\/wp\/v2\/posts"}],"about":[{"href":"https:\/\/encuentroinformativo.com.mx\/index.php?rest_route=\/wp\/v2\/types\/post"}],"author":[{"embeddable":true,"href":"https:\/\/encuentroinformativo.com.mx\/index.php?rest_route=\/wp\/v2\/users\/1"}],"replies":[{"embeddable":true,"href":"https:\/\/encuentroinformativo.com.mx\/index.php?rest_route=%2Fwp%2Fv2%2Fcomments&post=28287"}],"version-history":[{"count":1,"href":"https:\/\/encuentroinformativo.com.mx\/index.php?rest_route=\/wp\/v2\/posts\/28287\/revisions"}],"predecessor-version":[{"id":28289,"href":"https:\/\/encuentroinformativo.com.mx\/index.php?rest_route=\/wp\/v2\/posts\/28287\/revisions\/28289"}],"wp:featuredmedia":[{"embeddable":true,"href":"https:\/\/encuentroinformativo.com.mx\/index.php?rest_route=\/wp\/v2\/media\/28288"}],"wp:attachment":[{"href":"https:\/\/encuentroinformativo.com.mx\/index.php?rest_route=%2Fwp%2Fv2%2Fmedia&parent=28287"}],"wp:term":[{"taxonomy":"category","embeddable":true,"href":"https:\/\/encuentroinformativo.com.mx\/index.php?rest_route=%2Fwp%2Fv2%2Fcategories&post=28287"},{"taxonomy":"post_tag","embeddable":true,"href":"https:\/\/encuentroinformativo.com.mx\/index.php?rest_route=%2Fwp%2Fv2%2Ftags&post=28287"}],"curies":[{"name":"wp","href":"https:\/\/api.w.org\/{rel}","templated":true}]}}