{"id":28290,"date":"2022-06-11T13:17:08","date_gmt":"2022-06-11T18:17:08","guid":{"rendered":"https:\/\/encuentroinformativo.com.mx\/?p=28290"},"modified":"2022-06-11T13:17:11","modified_gmt":"2022-06-11T18:17:11","slug":"en-veracruz-apoyos-federales-a-discapacitados-solo-a-menores-de-18-anos","status":"publish","type":"post","link":"https:\/\/encuentroinformativo.com.mx\/?p=28290","title":{"rendered":"En Veracruz, apoyos federales a discapacitados solo a menores de 18 a\u00f1os"},"content":{"rendered":"\n<p><strong>Alejandro \u00c1vila<\/strong><\/p>\n\n\n\n<p>Veracruz, Ver.- A diferencia de otros estados, en Veracruz, los apoyos federales para personas con discapacidad solo ser\u00e1n para menores de 18 a\u00f1os, inform\u00f3 el delegado, Manuel Huerta Ladr\u00f3n de Guevara.<\/p>\n\n\n\n<p>Las nuevas incorporaciones para adultos mayores y personas con discapacidad, ser\u00e1n a partir de la segunda quincena del mes de julio.<\/p>\n\n\n\n<p>&#8220;Y aclaro, qu\u00e9 bueno que dicen lo de discapacidad, porque ah\u00ed solamente vamos a incorporar, por ley, a los menores de 18 a\u00f1os, los que tienen m\u00e1s de 18 a\u00f1os no hay la obligaci\u00f3n, y la verdad el presupuesto es exiguo&#8221;, apunt\u00f3.<\/p>\n\n\n\n<p>El funcionario federal dijo que, en otras entidades federativas s\u00ed se brinda apoyo a personas con discapacidad mayores de 18 a\u00f1os, pero eso tiene que ver con una aportaci\u00f3n externa por parte de los gobiernos estatales.<\/p>\n\n\n\n<p>&#8220;Se anda haciendo en otros lados para este tema, en otros lados s\u00ed, por qu\u00e9 los gobiernos estatales involucran presupuesto. Yo s\u00e9 que el Gobernador tiene la intenci\u00f3n, anda buscando recursos para poder invertir, y en el momento qu\u00e9 se hagan, seguramente se abrir\u00e1 para los mayores de 18 a\u00f1os&#8221;, remat\u00f3.<\/p>\n","protected":false},"excerpt":{"rendered":"<p>Alejandro \u00c1vila Veracruz, Ver.- A diferencia de otros estados, en Veracruz, los apoyos federales para personas con discapacidad solo ser\u00e1n para menores de 18 a\u00f1os, inform\u00f3 el delegado, Manuel Huerta Ladr\u00f3n de Guevara. Las nuevas incorporaciones para adultos mayores y personas con discapacidad, ser\u00e1n a partir de la segunda quincena del mes de julio. &#8220;Y [&hellip;]<\/p>\n","protected":false},"author":1,"featured_media":28291,"comment_status":"open","ping_status":"open","sticky":false,"template":"","format":"standard","meta":{"_jetpack_memberships_contains_paid_content":false,"footnotes":""},"categories":[2],"tags":[],"class_list":["post-28290","post","type-post","status-publish","format-standard","has-post-thumbnail","hentry","category-estado"],"jetpack_featured_media_url":"https:\/\/encuentroinformativo.com.mx\/wp-content\/uploads\/2022\/06\/52103687-7538-4EED-9470-93CC158E01F0.jpeg","jetpack_sharing_enabled":true,"jetpack_likes_enabled":true,"amp_enabled":true,"_links":{"self":[{"href":"https:\/\/encuentroinformativo.com.mx\/index.php?rest_route=\/wp\/v2\/posts\/28290","targetHints":{"allow":["GET"]}}],"collection":[{"href":"https:\/\/encuentroinformativo.com.mx\/index.php?rest_route=\/wp\/v2\/posts"}],"about":[{"href":"https:\/\/encuentroinformativo.com.mx\/index.php?rest_route=\/wp\/v2\/types\/post"}],"author":[{"embeddable":true,"href":"https:\/\/encuentroinformativo.com.mx\/index.php?rest_route=\/wp\/v2\/users\/1"}],"replies":[{"embeddable":true,"href":"https:\/\/encuentroinformativo.com.mx\/index.php?rest_route=%2Fwp%2Fv2%2Fcomments&post=28290"}],"version-history":[{"count":1,"href":"https:\/\/encuentroinformativo.com.mx\/index.php?rest_route=\/wp\/v2\/posts\/28290\/revisions"}],"predecessor-version":[{"id":28292,"href":"https:\/\/encuentroinformativo.com.mx\/index.php?rest_route=\/wp\/v2\/posts\/28290\/revisions\/28292"}],"wp:featuredmedia":[{"embeddable":true,"href":"https:\/\/encuentroinformativo.com.mx\/index.php?rest_route=\/wp\/v2\/media\/28291"}],"wp:attachment":[{"href":"https:\/\/encuentroinformativo.com.mx\/index.php?rest_route=%2Fwp%2Fv2%2Fmedia&parent=28290"}],"wp:term":[{"taxonomy":"category","embeddable":true,"href":"https:\/\/encuentroinformativo.com.mx\/index.php?rest_route=%2Fwp%2Fv2%2Fcategories&post=28290"},{"taxonomy":"post_tag","embeddable":true,"href":"https:\/\/encuentroinformativo.com.mx\/index.php?rest_route=%2Fwp%2Fv2%2Ftags&post=28290"}],"curies":[{"name":"wp","href":"https:\/\/api.w.org\/{rel}","templated":true}]}}