{"id":283,"date":"2020-03-02T17:02:57","date_gmt":"2020-03-02T23:02:57","guid":{"rendered":"https:\/\/encuentroinformativodotcomdotmx.wordpress.com\/2020\/03\/02\/no-tendran-nuestro-silencio-irinea-buendia\/"},"modified":"2020-03-02T17:02:57","modified_gmt":"2020-03-02T23:02:57","slug":"no-tendran-nuestro-silencio-irinea-buendia","status":"publish","type":"post","link":"https:\/\/encuentroinformativo.com.mx\/?p=283","title":{"rendered":"No tendr\u00e1n nuestro silencio: Irinea Buend\u00eda"},"content":{"rendered":"\n<figure class=\"wp-block-image size-large\"><img loading=\"lazy\" decoding=\"async\" width=\"1393\" height=\"1045\" src=\"https:\/\/encuentroinformativo.com.mx\/wp-content\/uploads\/2020\/03\/ezy-watermark_02-03-2020_04-58-19p.m..jpg?w=1024\" alt=\"\" class=\"wp-image-282\" srcset=\"https:\/\/encuentroinformativo.com.mx\/wp-content\/uploads\/2020\/03\/ezy-watermark_02-03-2020_04-58-19p.m..jpg 1393w, https:\/\/encuentroinformativo.com.mx\/wp-content\/uploads\/2020\/03\/ezy-watermark_02-03-2020_04-58-19p.m.-300x225.jpg 300w, https:\/\/encuentroinformativo.com.mx\/wp-content\/uploads\/2020\/03\/ezy-watermark_02-03-2020_04-58-19p.m.-1024x768.jpg 1024w, https:\/\/encuentroinformativo.com.mx\/wp-content\/uploads\/2020\/03\/ezy-watermark_02-03-2020_04-58-19p.m.-768x576.jpg 768w, https:\/\/encuentroinformativo.com.mx\/wp-content\/uploads\/2020\/03\/ezy-watermark_02-03-2020_04-58-19p.m.-1200x900.jpg 1200w\" sizes=\"auto, (max-width: 1393px) 100vw, 1393px\" \/><\/figure>\n\n\n\n<p><strong>Juan Arcos <\/strong><\/p>\n\n\n\n<p>Xalapa, Ver.- \u201cJam\u00e1s van a tener la comodidad de nuestro silencio\u201d, sentencia la activista Irinea Buend\u00eda Cort\u00e9s, sobre el \u201cminuto de silencio\u201d que siguen empleando algunas personas e instituciones por los diez feminicidios ocurridos al d\u00eda en el pa\u00eds.<\/p>\n\n\n\n<p>La se\u00f1ora viste muy humilde. Los rasgos de descendencia ind\u00edgena lucen en su rostro.<\/p>\n\n\n\n<p>\u201cEn muchos lugares me han pedido un minuto de silencio por las mujeres asesinadas con violencia, jam\u00e1s he permitido que eso se lleve a cabo en un lugar donde yo est\u00e9, porque ya fueron muchos siglos de que nosotras permanecimos en silencio\u201d, repite.<\/p>\n\n\n\n<p>La defensora de los derechos de las mujeres eleva la voz para externar su hartazgo por los constantes cr\u00edmenes que contin\u00faan ocurriendo en M\u00e9xico y la impunidad que prevalece en muchos casos.<\/p>\n\n\n\n<p>Su hija Mariana Lima Buend\u00eda ten\u00eda 29 a\u00f1os cuando fue asesinada por su esposo Julio C\u00e9sar Hern\u00e1ndez Ballinas, un polic\u00eda ministerial.<\/p>\n\n\n\n<p>La joven estuvo casada 18 meses, tiempo en que padeci\u00f3 todo tipo de violencia.<\/p>\n\n\n\n<p>\u201cA la tercera semana (de matrimonio) le puso su primer golpiza (su esposo) porque no le pareci\u00f3 c\u00f3mo le hizo el jugo de naranja y el bistec, \u00e9l dijo que su garganta estaba capacitada para saber que el jugo de naranja no ten\u00eda ni ten\u00eda tres claras\u201d, recuerda Irinea.<\/p>\n\n\n\n<p>Mariana fue asesinada el 29 de junio de 2010. El sujeto hab\u00eda montado una escena para que todo pareciera un suicidio.<\/p>\n\n\n\n<p>Sin embargo, Buend\u00eda Cort\u00e9s se present\u00f3 al domicilio de su hija y constat\u00f3 que dicha versi\u00f3n era mentira.<\/p>\n\n\n\n<p>Tras toparse con la corrupci\u00f3n e impunidad en el sistema judicial mexicano, en 2015, logr\u00f3 que la Suprema Corte de Justicia de la Naci\u00f3n (SCJN) dictara la sentencia hist\u00f3rica \u201cMariana Lima Buend\u00eda\u201d, el primer caso de feminicidio en el pa\u00eds, que hab\u00eda obligado a las autoridades a investigar con perspectiva de g\u00e9nero.<\/p>\n\n\n\n<p>La mujer reprueba que los gobiernos pretendan investigar los cr\u00edmenes de mujeres como homicidios.<\/p>\n\n\n\n<p>En su conferencia \u201cFminicidios: memoria, verdad y justicia sobre la sentencia Mariana Lima Buend\u00eda\u201d, manifiesta que ninguna ley contempla que las muertes violentas de mujeres deban ser investigadas como homicidios.<\/p>\n\n\n\n<p>\u201cLos gobiernos contin\u00faan viendo los feminicidios como una mancha negra de sus administraciones y quieren llevar agua a su molino diciendo que ya no hay feminicidios\u201d.<\/p>\n\n\n\n<p>Incluso, lamenta que el Fiscal General de la Rep\u00fablica, Alejandro Gertz Manero, haya propuesto que dentro de la Fiscal\u00eda de los Estados los feminicidios sean tipificados como homicidios, bajo el argumento de que a los ministeriales les costaba trabajo acreditar las razones de g\u00e9nero. <\/p>\n\n\n\n<p><\/p>\n","protected":false},"excerpt":{"rendered":"<p>Juan Arcos Xalapa, Ver.- \u201cJam\u00e1s van a tener la comodidad de nuestro silencio\u201d, sentencia la activista Irinea Buend\u00eda Cort\u00e9s, sobre el \u201cminuto de silencio\u201d que siguen empleando algunas personas e instituciones por los diez feminicidios ocurridos al d\u00eda en el pa\u00eds. La se\u00f1ora viste muy humilde. Los rasgos de descendencia ind\u00edgena lucen en su rostro. [&hellip;]<\/p>\n","protected":false},"author":1,"featured_media":282,"comment_status":"open","ping_status":"open","sticky":false,"template":"","format":"standard","meta":{"_jetpack_memberships_contains_paid_content":false,"footnotes":""},"categories":[3],"tags":[],"class_list":["post-283","post","type-post","status-publish","format-standard","has-post-thumbnail","hentry","category-xalapa"],"jetpack_featured_media_url":"https:\/\/encuentroinformativo.com.mx\/wp-content\/uploads\/2020\/03\/ezy-watermark_02-03-2020_04-58-19p.m..jpg","jetpack_sharing_enabled":true,"jetpack_likes_enabled":true,"amp_enabled":true,"_links":{"self":[{"href":"https:\/\/encuentroinformativo.com.mx\/index.php?rest_route=\/wp\/v2\/posts\/283","targetHints":{"allow":["GET"]}}],"collection":[{"href":"https:\/\/encuentroinformativo.com.mx\/index.php?rest_route=\/wp\/v2\/posts"}],"about":[{"href":"https:\/\/encuentroinformativo.com.mx\/index.php?rest_route=\/wp\/v2\/types\/post"}],"author":[{"embeddable":true,"href":"https:\/\/encuentroinformativo.com.mx\/index.php?rest_route=\/wp\/v2\/users\/1"}],"replies":[{"embeddable":true,"href":"https:\/\/encuentroinformativo.com.mx\/index.php?rest_route=%2Fwp%2Fv2%2Fcomments&post=283"}],"version-history":[{"count":0,"href":"https:\/\/encuentroinformativo.com.mx\/index.php?rest_route=\/wp\/v2\/posts\/283\/revisions"}],"wp:featuredmedia":[{"embeddable":true,"href":"https:\/\/encuentroinformativo.com.mx\/index.php?rest_route=\/wp\/v2\/media\/282"}],"wp:attachment":[{"href":"https:\/\/encuentroinformativo.com.mx\/index.php?rest_route=%2Fwp%2Fv2%2Fmedia&parent=283"}],"wp:term":[{"taxonomy":"category","embeddable":true,"href":"https:\/\/encuentroinformativo.com.mx\/index.php?rest_route=%2Fwp%2Fv2%2Fcategories&post=283"},{"taxonomy":"post_tag","embeddable":true,"href":"https:\/\/encuentroinformativo.com.mx\/index.php?rest_route=%2Fwp%2Fv2%2Ftags&post=283"}],"curies":[{"name":"wp","href":"https:\/\/api.w.org\/{rel}","templated":true}]}}