{"id":2830,"date":"2020-05-26T16:43:36","date_gmt":"2020-05-26T21:43:36","guid":{"rendered":"https:\/\/encuentroinformativo.com\/?p=2830"},"modified":"2020-05-26T16:43:39","modified_gmt":"2020-05-26T21:43:39","slug":"solicita-senador-auditorias-a-obras-de-escuelas-en-veracruz","status":"publish","type":"post","link":"https:\/\/encuentroinformativo.com.mx\/?p=2830","title":{"rendered":"Solicita senador auditor\u00edas a obras de escuelas en Veracruz"},"content":{"rendered":"\n<p><strong>Dar\u00edo Pale <\/strong><\/p>\n\n\n\n<p>Xalapa, Ver.- Con la finalidad de solicitar una auditoria de las obras en escuelas por parte de la Secretar\u00eda de Educaci\u00f3n de Veracruz, el senador Julen Rementeria del Puerto acudi\u00f3 al Congreso del Estado.<\/p>\n\n\n\n<p>Entrevistado a la salida del Congreso del estado despu\u00e9s de entregar los oficios en la oficial\u00eda de partes, se\u00f1al\u00f3 que \u201cestamos pidiendo al Congreso del Estado para ver si son tan transparentes y son tan honestos y que realmente quieren ser honestos que inicien en revisar la gesti\u00f3n de qui\u00e9n hoy esta al mando del gobierno y puedan revisar las obras\u201d.<\/p>\n\n\n\n<p>Rementer\u00eda del Puerto dijo que reta a la mayor\u00eda del Congreso para que se inicie la auditoria al instante, es decir en tiempo real por parte del \u00d3rgano de Fiscalizaci\u00f3n Superior (ORFIS).<\/p>\n\n\n\n<p>Respecto a las declaraciones que dio el presidente Andr\u00e9s Manuel L\u00f3pez Obrador, sobre que son falsas las declaraciones del senador panista, declar\u00f3 que entonces se deben de prestar a la investigaci\u00f3n y la transparencia.<\/p>\n\n\n\n<p>Asimismo, desminti\u00f3 que est\u00e1s acusaciones tengan un trasfondo pol\u00edtico y que busquen da\u00f1ar la imagen de Cuitl\u00e1huac Garc\u00eda Jim\u00e9nez con la supuesta creaci\u00f3n de obras fantasmas.<\/p>\n\n\n\n<p>Por ello, el senador asever\u00f3 que es importante que el ORFIS intervenga en la auditoria y se aclare en d\u00f3nde van a parar los recursos p\u00fablicos de la Secretar\u00eda de Educaci\u00f3n en Veracruz.<\/p>\n\n\n\n<p><\/p>\n","protected":false},"excerpt":{"rendered":"<p>Dar\u00edo Pale Xalapa, Ver.- Con la finalidad de solicitar una auditoria de las obras en escuelas por parte de la Secretar\u00eda de Educaci\u00f3n de Veracruz, el senador Julen Rementeria del Puerto acudi\u00f3 al Congreso del Estado. Entrevistado a la salida del Congreso del estado despu\u00e9s de entregar los oficios en la oficial\u00eda de partes, se\u00f1al\u00f3 [&hellip;]<\/p>\n","protected":false},"author":1,"featured_media":2831,"comment_status":"open","ping_status":"open","sticky":false,"template":"","format":"standard","meta":{"_jetpack_memberships_contains_paid_content":false,"footnotes":""},"categories":[2],"tags":[],"class_list":["post-2830","post","type-post","status-publish","format-standard","has-post-thumbnail","hentry","category-estado"],"jetpack_featured_media_url":"https:\/\/encuentroinformativo.com.mx\/wp-content\/uploads\/2020\/05\/7EB1DF9B-DA92-4983-AAFC-0224473218E3.jpeg","jetpack_sharing_enabled":true,"jetpack_likes_enabled":true,"amp_enabled":true,"_links":{"self":[{"href":"https:\/\/encuentroinformativo.com.mx\/index.php?rest_route=\/wp\/v2\/posts\/2830","targetHints":{"allow":["GET"]}}],"collection":[{"href":"https:\/\/encuentroinformativo.com.mx\/index.php?rest_route=\/wp\/v2\/posts"}],"about":[{"href":"https:\/\/encuentroinformativo.com.mx\/index.php?rest_route=\/wp\/v2\/types\/post"}],"author":[{"embeddable":true,"href":"https:\/\/encuentroinformativo.com.mx\/index.php?rest_route=\/wp\/v2\/users\/1"}],"replies":[{"embeddable":true,"href":"https:\/\/encuentroinformativo.com.mx\/index.php?rest_route=%2Fwp%2Fv2%2Fcomments&post=2830"}],"version-history":[{"count":1,"href":"https:\/\/encuentroinformativo.com.mx\/index.php?rest_route=\/wp\/v2\/posts\/2830\/revisions"}],"predecessor-version":[{"id":2832,"href":"https:\/\/encuentroinformativo.com.mx\/index.php?rest_route=\/wp\/v2\/posts\/2830\/revisions\/2832"}],"wp:featuredmedia":[{"embeddable":true,"href":"https:\/\/encuentroinformativo.com.mx\/index.php?rest_route=\/wp\/v2\/media\/2831"}],"wp:attachment":[{"href":"https:\/\/encuentroinformativo.com.mx\/index.php?rest_route=%2Fwp%2Fv2%2Fmedia&parent=2830"}],"wp:term":[{"taxonomy":"category","embeddable":true,"href":"https:\/\/encuentroinformativo.com.mx\/index.php?rest_route=%2Fwp%2Fv2%2Fcategories&post=2830"},{"taxonomy":"post_tag","embeddable":true,"href":"https:\/\/encuentroinformativo.com.mx\/index.php?rest_route=%2Fwp%2Fv2%2Ftags&post=2830"}],"curies":[{"name":"wp","href":"https:\/\/api.w.org\/{rel}","templated":true}]}}