{"id":28300,"date":"2022-06-11T17:59:36","date_gmt":"2022-06-11T22:59:36","guid":{"rendered":"https:\/\/encuentroinformativo.com.mx\/?p=28300"},"modified":"2022-06-11T17:59:40","modified_gmt":"2022-06-11T22:59:40","slug":"se-han-registrado-260-incendios-forestales-sedema","status":"publish","type":"post","link":"https:\/\/encuentroinformativo.com.mx\/?p=28300","title":{"rendered":"Se han registrado 260 incendios forestales: SEDEMA"},"content":{"rendered":"\n<p><strong>Dar\u00edo Pale <\/strong><\/p>\n\n\n\n<p>Xalapa, Ver.- El secretario de Medio Ambiente en el estado (SEDEMA), Juan Carlos Contreras Bautista dio a conocer que hasta el momento se han registrado 230 incendios forestales en Veracruz, que afectaron m\u00e1s de dos mil hect\u00e1reas.<\/p>\n\n\n\n<p>En entrevista se\u00f1al\u00f3 que la mayor\u00eda de estos siniestros fueron provocados por descuidos, por lo que en algunos casos se proceder\u00e1 legalmente en contra de quienes los causaron.<\/p>\n\n\n\n<p>Dio a conocer que hasta el momento ha procedido una denuncia en contra de una persona por provocar uno de estos incendios, en el municipio de Ixhuac\u00e1n de los Reyes, el de mayor magnitud, con 120 hect\u00e1reas.<\/p>\n\n\n\n<p>&#8220;No se contabilizan los incendios de pastizal, s\u00f3lo los forestales, en ese n\u00famero estamos, por debajo todav\u00eda de la afectaci\u00f3n a comparaci\u00f3n del a\u00f1o pasado, m\u00e1s incendios, pero menos afectaciones y eso tiene que ver con una estrategia que se hizo con los municipios&#8221;, se\u00f1al\u00f3.<\/p>\n\n\n\n<p>&#8220;Se destinaron cerca de 50 millones de pesos para los municipios que act\u00faen de manera inmediata y coordinada con la autoridad estatal y federal&#8221;, agreg\u00f3.<\/p>\n\n\n\n<p>Por lo anterior invit\u00f3 a aquellos que sepan de alguien que haya cometido un incendio, que lo denuncie ante la Procuradur\u00eda Federal de Protecci\u00f3n al Ambiente (Profepa) y ante la misma Procuradur\u00eda del Medio Ambiente (PMA).<\/p>\n\n\n\n<p>Finalmente dijo que tambi\u00e9n con ellos los pueden denunciar &#8220;para que seamos vinculantes con las procuradur\u00edas para poder realizar las sanciones necesarias, ya que fueron con irresponsabilidad&#8221;.<\/p>\n","protected":false},"excerpt":{"rendered":"<p>Dar\u00edo Pale Xalapa, Ver.- El secretario de Medio Ambiente en el estado (SEDEMA), Juan Carlos Contreras Bautista dio a conocer que hasta el momento se han registrado 230 incendios forestales en Veracruz, que afectaron m\u00e1s de dos mil hect\u00e1reas. En entrevista se\u00f1al\u00f3 que la mayor\u00eda de estos siniestros fueron provocados por descuidos, por lo que [&hellip;]<\/p>\n","protected":false},"author":1,"featured_media":28301,"comment_status":"open","ping_status":"open","sticky":false,"template":"","format":"standard","meta":{"_jetpack_memberships_contains_paid_content":false,"footnotes":""},"categories":[2],"tags":[],"class_list":["post-28300","post","type-post","status-publish","format-standard","has-post-thumbnail","hentry","category-estado"],"jetpack_featured_media_url":"https:\/\/encuentroinformativo.com.mx\/wp-content\/uploads\/2022\/06\/A90ECF21-FD54-46B5-AEA6-D4E61C98B5E7.jpeg","jetpack_sharing_enabled":true,"jetpack_likes_enabled":true,"amp_enabled":true,"_links":{"self":[{"href":"https:\/\/encuentroinformativo.com.mx\/index.php?rest_route=\/wp\/v2\/posts\/28300","targetHints":{"allow":["GET"]}}],"collection":[{"href":"https:\/\/encuentroinformativo.com.mx\/index.php?rest_route=\/wp\/v2\/posts"}],"about":[{"href":"https:\/\/encuentroinformativo.com.mx\/index.php?rest_route=\/wp\/v2\/types\/post"}],"author":[{"embeddable":true,"href":"https:\/\/encuentroinformativo.com.mx\/index.php?rest_route=\/wp\/v2\/users\/1"}],"replies":[{"embeddable":true,"href":"https:\/\/encuentroinformativo.com.mx\/index.php?rest_route=%2Fwp%2Fv2%2Fcomments&post=28300"}],"version-history":[{"count":1,"href":"https:\/\/encuentroinformativo.com.mx\/index.php?rest_route=\/wp\/v2\/posts\/28300\/revisions"}],"predecessor-version":[{"id":28302,"href":"https:\/\/encuentroinformativo.com.mx\/index.php?rest_route=\/wp\/v2\/posts\/28300\/revisions\/28302"}],"wp:featuredmedia":[{"embeddable":true,"href":"https:\/\/encuentroinformativo.com.mx\/index.php?rest_route=\/wp\/v2\/media\/28301"}],"wp:attachment":[{"href":"https:\/\/encuentroinformativo.com.mx\/index.php?rest_route=%2Fwp%2Fv2%2Fmedia&parent=28300"}],"wp:term":[{"taxonomy":"category","embeddable":true,"href":"https:\/\/encuentroinformativo.com.mx\/index.php?rest_route=%2Fwp%2Fv2%2Fcategories&post=28300"},{"taxonomy":"post_tag","embeddable":true,"href":"https:\/\/encuentroinformativo.com.mx\/index.php?rest_route=%2Fwp%2Fv2%2Ftags&post=28300"}],"curies":[{"name":"wp","href":"https:\/\/api.w.org\/{rel}","templated":true}]}}