{"id":28308,"date":"2022-06-12T13:29:23","date_gmt":"2022-06-12T18:29:23","guid":{"rendered":"https:\/\/encuentroinformativo.com.mx\/?p=28308"},"modified":"2022-06-12T13:29:26","modified_gmt":"2022-06-12T18:29:26","slug":"aumento-en-costo-de-fertilizantes-afecta-a-productores","status":"publish","type":"post","link":"https:\/\/encuentroinformativo.com.mx\/?p=28308","title":{"rendered":"Aumento en costo de fertilizantes afecta a productores"},"content":{"rendered":"\n<p><strong>Juan Arcos<\/strong><\/p>\n\n\n\n<p>Xalapa, Ver.- El encarecimiento de los fertilizantes tambi\u00e9n ha ocasionado una baja en la producci\u00f3n de ma\u00edz en el estado de Veracruz.<\/p>\n\n\n\n<p>As\u00ed lo dio a conocer el presidente del Consejo Veracruzano de Productores de Ma\u00edz, Ram\u00f3n Pino M\u00e9ndez, quien a\u00f1adi\u00f3 que ante dicha situaci\u00f3n, el pa\u00eds se ha visto en la necesidad de abastecerse de granos b\u00e1sicos en otro pa\u00edses.<\/p>\n\n\n\n<p>\u201cRecordemos que los fertilizantes y todos los insumos subieron de precio, tenemos menos superficie cosechada de la que se esperaba por situaciones de clima, l\u00f3gicamente que eso nos merma la producci\u00f3n y obliga al pa\u00eds a que se puedan comprar granos b\u00e1sicos en otros lugares\u201d, enfatiz\u00f3.<\/p>\n\n\n\n<p>Se\u00f1al\u00f3 que los objetivos del gobierno federal para lograr una soberan\u00eda alimentaria no han sido logrados ni en una \u201cm\u00ednima parte\u201d.<\/p>\n\n\n\n<p>\u201cEscuchamos hace unos d\u00edas la conferencia de prensa del presidente de la Rep\u00fablica, Andr\u00e9s Manuel L\u00f3pez Obrador, donde va a exentar de impuestos a quienes entren con granos al pa\u00eds, eso nos da una idea clara de que los objetivos que se est\u00e1n persiguiendo de la soberan\u00eda alimentaria no han sido logrados\u201d, insisti\u00f3.<\/p>\n\n\n\n<p>Se estima que en el estado de Veracruz hay cerca de 600 mil productores de ma\u00edz, algunos de ellos adheridos al padr\u00f3n de los programas de Bienestar.<\/p>\n\n\n\n<p>Mientras que la mitad de esa cifra, se dedica a la cosecha para la subsistencia y el resto son distribuidos para las centrales de abastecimiento.<\/p>\n\n\n\n<p>Los productores de ma\u00edz piden que haya m\u00e1s apoyos por parte del gobierno para que puedan incrementar su producci\u00f3n.<\/p>\n\n\n\n<p>Hace unos d\u00edas, indicaron que su producci\u00f3n baj\u00f3 m\u00e1s del 50 por ciento debido a la sequ\u00eda hist\u00f3rica que se registr\u00f3 en la entidad.<\/p>\n","protected":false},"excerpt":{"rendered":"<p>Juan Arcos Xalapa, Ver.- El encarecimiento de los fertilizantes tambi\u00e9n ha ocasionado una baja en la producci\u00f3n de ma\u00edz en el estado de Veracruz. As\u00ed lo dio a conocer el presidente del Consejo Veracruzano de Productores de Ma\u00edz, Ram\u00f3n Pino M\u00e9ndez, quien a\u00f1adi\u00f3 que ante dicha situaci\u00f3n, el pa\u00eds se ha visto en la necesidad [&hellip;]<\/p>\n","protected":false},"author":1,"featured_media":28309,"comment_status":"open","ping_status":"open","sticky":false,"template":"","format":"standard","meta":{"_jetpack_memberships_contains_paid_content":false,"footnotes":""},"categories":[2],"tags":[],"class_list":["post-28308","post","type-post","status-publish","format-standard","has-post-thumbnail","hentry","category-estado"],"jetpack_featured_media_url":"https:\/\/encuentroinformativo.com.mx\/wp-content\/uploads\/2022\/06\/DC769FBC-388A-4A6E-B365-5F708D77ECAD.jpeg","jetpack_sharing_enabled":true,"jetpack_likes_enabled":true,"amp_enabled":true,"_links":{"self":[{"href":"https:\/\/encuentroinformativo.com.mx\/index.php?rest_route=\/wp\/v2\/posts\/28308","targetHints":{"allow":["GET"]}}],"collection":[{"href":"https:\/\/encuentroinformativo.com.mx\/index.php?rest_route=\/wp\/v2\/posts"}],"about":[{"href":"https:\/\/encuentroinformativo.com.mx\/index.php?rest_route=\/wp\/v2\/types\/post"}],"author":[{"embeddable":true,"href":"https:\/\/encuentroinformativo.com.mx\/index.php?rest_route=\/wp\/v2\/users\/1"}],"replies":[{"embeddable":true,"href":"https:\/\/encuentroinformativo.com.mx\/index.php?rest_route=%2Fwp%2Fv2%2Fcomments&post=28308"}],"version-history":[{"count":1,"href":"https:\/\/encuentroinformativo.com.mx\/index.php?rest_route=\/wp\/v2\/posts\/28308\/revisions"}],"predecessor-version":[{"id":28310,"href":"https:\/\/encuentroinformativo.com.mx\/index.php?rest_route=\/wp\/v2\/posts\/28308\/revisions\/28310"}],"wp:featuredmedia":[{"embeddable":true,"href":"https:\/\/encuentroinformativo.com.mx\/index.php?rest_route=\/wp\/v2\/media\/28309"}],"wp:attachment":[{"href":"https:\/\/encuentroinformativo.com.mx\/index.php?rest_route=%2Fwp%2Fv2%2Fmedia&parent=28308"}],"wp:term":[{"taxonomy":"category","embeddable":true,"href":"https:\/\/encuentroinformativo.com.mx\/index.php?rest_route=%2Fwp%2Fv2%2Fcategories&post=28308"},{"taxonomy":"post_tag","embeddable":true,"href":"https:\/\/encuentroinformativo.com.mx\/index.php?rest_route=%2Fwp%2Fv2%2Ftags&post=28308"}],"curies":[{"name":"wp","href":"https:\/\/api.w.org\/{rel}","templated":true}]}}