{"id":28316,"date":"2022-06-13T09:40:01","date_gmt":"2022-06-13T14:40:01","guid":{"rendered":"https:\/\/encuentroinformativo.com.mx\/?p=28316"},"modified":"2022-06-13T09:40:04","modified_gmt":"2022-06-13T14:40:04","slug":"acoso-sexual-rafael-y-fernando","status":"publish","type":"post","link":"https:\/\/encuentroinformativo.com.mx\/?p=28316","title":{"rendered":"Acoso Sexual: Rafael y Fernando"},"content":{"rendered":"\n<p><strong>N\u00fameros Rojos<\/strong><\/p>\n\n\n\n<p><strong>Brenda Caballero<\/strong><\/p>\n\n\n\n<p>\u00bfCu\u00e1l es la diferencia entre renunciar al cargo y separaci\u00f3n del cargo? Las diferencias pueden ser abismales y hasta tener un contexto pol\u00edtico y en este caso hasta sexual. Pero&nbsp; vamos por partes.<\/p>\n\n\n\n<p>De acuerdo a la definici\u00f3n de Renuncia Voluntaria, es una causal de t\u00e9rmino del contrato de trabajo; mientras que una Separaci\u00f3n del Cargo puede ser por suspensi\u00f3n o destituci\u00f3n.&nbsp;<\/p>\n\n\n\n<p>Hablando en t\u00e9rminos gubernamentales, la Separaci\u00f3n es la desvinculaci\u00f3n de un funcionario del cargo p\u00fablico que ejerce, ya sea de manera temporal o definitiva.&nbsp;<\/p>\n\n\n\n<p>Ahora bien, la Separaci\u00f3n por Suspensi\u00f3n es la censura o correcci\u00f3n gubernativa que en todo o en parte priva del uso del oficio, beneficio o empleo o de sus goces y emolumentos a un funcionario p\u00fablico mientras que Separaci\u00f3n por Destituci\u00f3n es la separaci\u00f3n definitiva del funcionario del cargo p\u00fablico que ejerce.<\/p>\n\n\n\n<p>Ahora vamos con la pregunta m\u00e1s espec\u00edfica: \u00bfCu\u00e1l es la diferencia entre renunciar al cargo por acoso sexual y separaci\u00f3n del cargo por acoso sexual?<\/p>\n\n\n\n<p>Hace una semana, la jefa de Gobierno de la Ciudad de M\u00e9xico, Claudia Sheinbaum,&nbsp; hizo p\u00fablica la separaci\u00f3n del cargo de Rafael Gregorio N, titular de la Seduvi (Secretar\u00eda de Desarrollo Urbano y Vivienda) y expres\u00f3 que la Fiscal\u00eda Capitalina ser\u00e1 la encargada de investigar sobre la denuncia que pesa sobre el secretario por presunto abuso sexual a una trabajadora de la dependencia.&nbsp;<\/p>\n\n\n\n<p>La denuncia fue presentada por una joven de 32 a\u00f1os reci\u00e9n contratada quien en su denuncia expresa que el pasado 21 de mayo fue citada a un desayuno de trabajo por el se\u00f1or Rafael Gregorio; \u00fanicamente eran ellos dos. Posteriormente el Secretario le ofrece llevarla a su domicilio. Durante el trayecto, \u00e9l mete la mano bajo su blusa y brasier apretando su seno. Minutos despu\u00e9s, baja la misma mano a su \u00e1rea genital y la acaricia sobre su pantal\u00f3n. En su declaraci\u00f3n, la joven recalca que lo ocurrido fue sin su consentimiento. Ella expresa que de momento no reacciona, queda en shock, y le pide que pare el veh\u00edculo para que ella descienda. Al despedirse, \u00e9l le dice que se ven el martes (24 de mayo), pues comenzar\u00e1 a trabajar como Jefa de Unidad del Departamento de los Juicios de Nulidad de la Direcci\u00f3n Jur\u00eddica.<\/p>\n\n\n\n<p>As\u00ed como reaccion\u00f3 la Jefa de la Ciudad de M\u00e9xico, ojal\u00e1 hubieran actuado las autoridades de Veracruz con los acosos sexuales en la Secretar\u00eda de Gobierno, pero no. Ac\u00e1 en Veracruz al acosador primero se le protegi\u00f3 cambi\u00e1ndolo de la Direcci\u00f3n General de Gobernaci\u00f3n a la Coordinaci\u00f3n General de la Junta de Mejoras, de la misma Secretar\u00eda de Gobierno; incluso hasta se le permiti\u00f3 renunciar el mes pasado \u201cpor motivos personales\u201d.<\/p>\n\n\n\n<p>Fernando \u201cN\u201d fue acusado por violencia de g\u00e9nero, acoso sexual y laboral a una empleada. \u00c9sta se\u00f1al\u00f3 que desde 2019, el entonces funcionario la solicit\u00f3 como asistente personal. Le ped\u00eda que llevara documentos a su domicilio particular, que lo acompa\u00f1ara a giras fuera de la ciudad y adem\u00e1s le \u201csolicitaba abrazos para poner sus genitales sobre ella\u201d.<\/p>\n\n\n\n<p>Fernando fue acusado tambi\u00e9n por una prestadora de servicio social quien indic\u00f3 que en una gira de trabajo, el entonces funcionario trat\u00f3 de entrar a su habitaci\u00f3n en estado et\u00edlico.<\/p>\n\n\n\n<p>Fernando N ya renunci\u00f3 hace un mes, y eso porque trat\u00f3 de salir \u201cdignamente\u201d ante una recomendaci\u00f3n de la Comisi\u00f3n Estatal de Derechos Humanos que indic\u00f3 que todas las dependencias involucradas en el caso fueron omisas y violentaron los derechos de la empleada que a su vez tambi\u00e9n fue revictimizada pues la consideraron exagerada, que \u201cno hab\u00eda sido violada\u201d.<\/p>\n\n\n\n<p>A Fernando no lo separaron como a Rafael Gregorio; tan solo recibi\u00f3 un apercibimiento para abstenerse de cualquier contacto con la v\u00edctima mientras se resolv\u00eda el caso, pero claro que segu\u00eda cobrando y sus superiores protegi\u00e9ndolo. \u00a1Cu\u00e1nto favor contra un violentador!<\/p>\n\n\n\n<p>\u00bfAcaso la Fiscal\u00eda General del Estado a cargo de Ver\u00f3nica Hern\u00e1ndez Gi\u00e1dans seguir\u00e1 la investigaci\u00f3n o ya la congel\u00f3?<\/p>\n\n\n\n<p>Si tanto apoyan a Do\u00f1a Claudia, \u00bfPor qu\u00e9 no seguir sus pasos con su agenda que garantiza los derechos de las mujeres? \u00a1Dejen de proteger a acosadores y violentadores! \u00a1Sep\u00e1renlos del cargo e invest\u00edguenlos! Y si les cuesta, repitan una y otra vez la frase de Sheinbaum: \u201cO est\u00e1n las Mujeres o no es 4T\u201d.<\/p>\n\n\n\n<p>Twitter: @NumerosRojos_BC<\/p>\n\n\n\n<p><a href=\"mailto:caballero_brenda@hotmail.com\" target=\"_blank\" rel=\"noreferrer noopener\">caballero_brenda@hotmail.com<\/a><\/p>\n","protected":false},"excerpt":{"rendered":"<p>N\u00fameros Rojos Brenda Caballero \u00bfCu\u00e1l es la diferencia entre renunciar al cargo y separaci\u00f3n del cargo? Las diferencias pueden ser abismales y hasta tener un contexto pol\u00edtico y en este caso hasta sexual. Pero&nbsp; vamos por partes. De acuerdo a la definici\u00f3n de Renuncia Voluntaria, es una causal de t\u00e9rmino del contrato de trabajo; mientras [&hellip;]<\/p>\n","protected":false},"author":1,"featured_media":70,"comment_status":"open","ping_status":"open","sticky":false,"template":"","format":"standard","meta":{"_jetpack_memberships_contains_paid_content":false,"footnotes":""},"categories":[11],"tags":[],"class_list":["post-28316","post","type-post","status-publish","format-standard","has-post-thumbnail","hentry","category-opinion"],"jetpack_featured_media_url":"https:\/\/encuentroinformativo.com.mx\/wp-content\/uploads\/2020\/02\/opinion-invitado.jpg","jetpack_sharing_enabled":true,"jetpack_likes_enabled":true,"amp_enabled":true,"_links":{"self":[{"href":"https:\/\/encuentroinformativo.com.mx\/index.php?rest_route=\/wp\/v2\/posts\/28316","targetHints":{"allow":["GET"]}}],"collection":[{"href":"https:\/\/encuentroinformativo.com.mx\/index.php?rest_route=\/wp\/v2\/posts"}],"about":[{"href":"https:\/\/encuentroinformativo.com.mx\/index.php?rest_route=\/wp\/v2\/types\/post"}],"author":[{"embeddable":true,"href":"https:\/\/encuentroinformativo.com.mx\/index.php?rest_route=\/wp\/v2\/users\/1"}],"replies":[{"embeddable":true,"href":"https:\/\/encuentroinformativo.com.mx\/index.php?rest_route=%2Fwp%2Fv2%2Fcomments&post=28316"}],"version-history":[{"count":1,"href":"https:\/\/encuentroinformativo.com.mx\/index.php?rest_route=\/wp\/v2\/posts\/28316\/revisions"}],"predecessor-version":[{"id":28317,"href":"https:\/\/encuentroinformativo.com.mx\/index.php?rest_route=\/wp\/v2\/posts\/28316\/revisions\/28317"}],"wp:featuredmedia":[{"embeddable":true,"href":"https:\/\/encuentroinformativo.com.mx\/index.php?rest_route=\/wp\/v2\/media\/70"}],"wp:attachment":[{"href":"https:\/\/encuentroinformativo.com.mx\/index.php?rest_route=%2Fwp%2Fv2%2Fmedia&parent=28316"}],"wp:term":[{"taxonomy":"category","embeddable":true,"href":"https:\/\/encuentroinformativo.com.mx\/index.php?rest_route=%2Fwp%2Fv2%2Fcategories&post=28316"},{"taxonomy":"post_tag","embeddable":true,"href":"https:\/\/encuentroinformativo.com.mx\/index.php?rest_route=%2Fwp%2Fv2%2Ftags&post=28316"}],"curies":[{"name":"wp","href":"https:\/\/api.w.org\/{rel}","templated":true}]}}